{"id":12695,"date":"2024-06-11T11:36:07","date_gmt":"2024-06-11T09:36:07","guid":{"rendered":"https:\/\/www.bridge4mobility.com\/?p=12695"},"modified":"2024-06-11T11:36:07","modified_gmt":"2024-06-11T09:36:07","slug":"visita-a-boehler-en-austria","status":"publish","type":"post","link":"https:\/\/www.bridge4mobility.com\/es\/visita-a-boehler-en-austria\/","title":{"rendered":"Visita a B\u00f6hler en Austria !"},"content":{"rendered":"<p>Esta semana, este grupo de candidatos han visitado la empresa <strong>B\u00f6hler<\/strong> en Austria, para conocer de primera mano el lugar en el que realizar\u00e1n su FP dual a partir de Septiembre de 2024.<\/p>\n<p>Ellos har\u00e1n una <strong>FP dual<\/strong> o Ausbildung en <strong>Metalurgia y tecnolog\u00eda de conformaci\u00f3n<\/strong>. Realizar estos estudios en Austria, combinando el trabajo de aprendiz con las clases te\u00f3ricas, les brinda un futuro en el que sus oportunidades laborales se multiplican exponencialmente!<\/p>\n<p>La empresa les ha pagado el viaje y la visita, y nuestra compa\u00f1era de Talents for Europe, <strong>Magdalena Exp\u00f3sito<\/strong>, ha sido tan amable de acompa\u00f1arles en todo momento. All\u00ed, han podido conocer a algunos participantes espa\u00f1oles de a\u00f1os anteriores, y han podido terminar de solventar dudas (\u00a1si es que todav\u00eda les quedaba alguna!).<\/p>\n<p>Han sido unos d\u00edas que adem\u00e1s, les han permitido hacer un peque\u00f1o descanso del curso intensivo de alem\u00e1n. Ya est\u00e1n estudiando el nivel B1 del idioma, y en pocas semanas har\u00e1n su <strong>examen oficial de B1<\/strong>. \u00a1Les deseamos mucha suerte y \u00e9xito!<\/p>\n<p>&nbsp;<\/p>\n<p><img loading=\"lazy\" class=\"alignnone size-medium wp-image-12697 aligncenter\" src=\"https:\/\/www.bridge4mobility.com\/wp-content\/uploads\/Boehler1.jpg\" alt=\"\" width=\"300\" height=\"225\" \/><img loading=\"lazy\" class=\"alignnone size-medium wp-image-12698 aligncenter\" src=\"https:\/\/www.bridge4mobility.com\/wp-content\/uploads\/Boehler2.jpg\" alt=\"\" width=\"225\" height=\"300\" \/><img loading=\"lazy\" class=\"alignnone size-medium wp-image-12699 aligncenter\" src=\"https:\/\/www.bridge4mobility.com\/wp-content\/uploads\/Boehler3.jpg\" alt=\"\" width=\"225\" height=\"300\" \/><img loading=\"lazy\" class=\"alignnone size-medium wp-image-12700 aligncenter\" src=\"https:\/\/www.bridge4mobility.com\/wp-content\/uploads\/Boehler5.jpg\" alt=\"\" width=\"300\" height=\"225\" \/><img loading=\"lazy\" class=\"alignnone size-medium wp-image-12701 aligncenter\" src=\"https:\/\/www.bridge4mobility.com\/wp-content\/uploads\/Boehler222.jpg\" alt=\"\" width=\"300\" height=\"225\" \/><\/p>\n<p>&nbsp;<\/p>\n<p>&nbsp;<\/p>\n","protected":false},"excerpt":{"rendered":"<p>Esta semana, este grupo de candidatos han visitado la empresa B\u00f6hler en Austria, para conocer de primera mano el lugar en el que realizar\u00e1n su FP dual a partir de Septiembre de 2024. Ellos har\u00e1n una FP dual o Ausbildung en Metalurgia y tecnolog\u00eda de conformaci\u00f3n. Realizar estos estudios en Austria, combinando el trabajo de<\/p>\n","protected":false},"author":1715,"featured_media":12696,"comment_status":"closed","ping_status":"closed","sticky":false,"template":"","format":"standard","meta":[],"categories":[7],"tags":[79,168,167,48,166],"yoast_head":"<!-- This site is optimized with the Yoast SEO plugin v19.13 - https:\/\/yoast.com\/wordpress\/plugins\/seo\/ -->\n<title>Visita a B\u00f6hler en Austria ! - Bridge4Mobility<\/title>\n<meta name=\"robots\" content=\"index, follow, max-snippet:-1, max-image-preview:large, max-video-preview:-1\" \/>\n<link rel=\"canonical\" href=\"https:\/\/www.bridge4mobility.com\/es\/visita-a-boehler-en-austria\/\" \/>\n<meta property=\"og:locale\" content=\"es_ES\" \/>\n<meta property=\"og:type\" content=\"article\" \/>\n<meta property=\"og:title\" content=\"Visita a B\u00f6hler en Austria ! - Bridge4Mobility\" \/>\n<meta property=\"og:description\" content=\"Esta semana, este grupo de candidatos han visitado la empresa B\u00f6hler en Austria, para conocer de primera mano el lugar en el que realizar\u00e1n su FP dual a partir de Septiembre de 2024. Ellos har\u00e1n una FP dual o Ausbildung en Metalurgia y tecnolog\u00eda de conformaci\u00f3n. Realizar estos estudios en Austria, combinando el trabajo de\" \/>\n<meta property=\"og:url\" content=\"https:\/\/www.bridge4mobility.com\/es\/visita-a-boehler-en-austria\/\" \/>\n<meta property=\"og:site_name\" content=\"Bridge4Mobility\" \/>\n<meta property=\"article:published_time\" content=\"2024-06-11T09:36:07+00:00\" \/>\n<meta name=\"author\" content=\"Rosa Sanchez\" \/>\n<meta name=\"twitter:label1\" content=\"Escrito por\" \/>\n\t<meta name=\"twitter:data1\" content=\"Rosa Sanchez\" \/>\n\t<meta name=\"twitter:label2\" content=\"Tiempo de lectura\" \/>\n\t<meta name=\"twitter:data2\" content=\"2 minutos\" \/>\n<script type=\"application\/ld+json\" class=\"yoast-schema-graph\">{\"@context\":\"https:\/\/schema.org\",\"@graph\":[{\"@type\":\"WebPage\",\"@id\":\"https:\/\/www.bridge4mobility.com\/es\/visita-a-boehler-en-austria\/\",\"url\":\"https:\/\/www.bridge4mobility.com\/es\/visita-a-boehler-en-austria\/\",\"name\":\"Visita a B\u00f6hler en Austria ! - Bridge4Mobility\",\"isPartOf\":{\"@id\":\"https:\/\/www.bridge4mobility.com\/de\/#website\"},\"datePublished\":\"2024-06-11T09:36:07+00:00\",\"dateModified\":\"2024-06-11T09:36:07+00:00\",\"author\":{\"@id\":\"https:\/\/www.bridge4mobility.com\/de\/#\/schema\/person\/d8a8f2ef67df38ba2912abac766e53db\"},\"breadcrumb\":{\"@id\":\"https:\/\/www.bridge4mobility.com\/es\/visita-a-boehler-en-austria\/#breadcrumb\"},\"inLanguage\":\"es\",\"potentialAction\":[{\"@type\":\"ReadAction\",\"target\":[\"https:\/\/www.bridge4mobility.com\/es\/visita-a-boehler-en-austria\/\"]}]},{\"@type\":\"BreadcrumbList\",\"@id\":\"https:\/\/www.bridge4mobility.com\/es\/visita-a-boehler-en-austria\/#breadcrumb\",\"itemListElement\":[{\"@type\":\"ListItem\",\"position\":1,\"name\":\"Home\",\"item\":\"https:\/\/www.bridge4mobility.com\/es\/\"},{\"@type\":\"ListItem\",\"position\":2,\"name\":\"Visita a B\u00f6hler en Austria !\"}]},{\"@type\":\"WebSite\",\"@id\":\"https:\/\/www.bridge4mobility.com\/de\/#website\",\"url\":\"https:\/\/www.bridge4mobility.com\/de\/\",\"name\":\"Bridge4Mobility\",\"description\":\"Qualifizierte Fachkr\u00e4fte aus Spanien\",\"potentialAction\":[{\"@type\":\"SearchAction\",\"target\":{\"@type\":\"EntryPoint\",\"urlTemplate\":\"https:\/\/www.bridge4mobility.com\/de\/?s={search_term_string}\"},\"query-input\":\"required name=search_term_string\"}],\"inLanguage\":\"es\"},{\"@type\":\"Person\",\"@id\":\"https:\/\/www.bridge4mobility.com\/de\/#\/schema\/person\/d8a8f2ef67df38ba2912abac766e53db\",\"name\":\"Rosa Sanchez\",\"image\":{\"@type\":\"ImageObject\",\"inLanguage\":\"es\",\"@id\":\"https:\/\/www.bridge4mobility.com\/de\/#\/schema\/person\/image\/\",\"url\":\"https:\/\/www.bridge4mobility.com\/wp-content\/uploads\/letter-avatar\/ad15267741798dfac018169b3c617ba0.svg\",\"contentUrl\":\"https:\/\/www.bridge4mobility.com\/wp-content\/uploads\/letter-avatar\/ad15267741798dfac018169b3c617ba0.svg\",\"caption\":\"Rosa Sanchez\"},\"url\":\"https:\/\/www.bridge4mobility.com\/es\/author\/r-sanchez\/\"}]}<\/script>\n<!-- \/ Yoast SEO plugin. -->","yoast_head_json":{"title":"Visita a B\u00f6hler en Austria ! - Bridge4Mobility","robots":{"index":"index","follow":"follow","max-snippet":"max-snippet:-1","max-image-preview":"max-image-preview:large","max-video-preview":"max-video-preview:-1"},"canonical":"https:\/\/www.bridge4mobility.com\/es\/visita-a-boehler-en-austria\/","og_locale":"es_ES","og_type":"article","og_title":"Visita a B\u00f6hler en Austria ! - Bridge4Mobility","og_description":"Esta semana, este grupo de candidatos han visitado la empresa B\u00f6hler en Austria, para conocer de primera mano el lugar en el que realizar\u00e1n su FP dual a partir de Septiembre de 2024. Ellos har\u00e1n una FP dual o Ausbildung en Metalurgia y tecnolog\u00eda de conformaci\u00f3n. Realizar estos estudios en Austria, combinando el trabajo de","og_url":"https:\/\/www.bridge4mobility.com\/es\/visita-a-boehler-en-austria\/","og_site_name":"Bridge4Mobility","article_published_time":"2024-06-11T09:36:07+00:00","author":"Rosa Sanchez","twitter_misc":{"Escrito por":"Rosa Sanchez","Tiempo de lectura":"2 minutos"},"schema":{"@context":"https:\/\/schema.org","@graph":[{"@type":"WebPage","@id":"https:\/\/www.bridge4mobility.com\/es\/visita-a-boehler-en-austria\/","url":"https:\/\/www.bridge4mobility.com\/es\/visita-a-boehler-en-austria\/","name":"Visita a B\u00f6hler en Austria ! - Bridge4Mobility","isPartOf":{"@id":"https:\/\/www.bridge4mobility.com\/de\/#website"},"datePublished":"2024-06-11T09:36:07+00:00","dateModified":"2024-06-11T09:36:07+00:00","author":{"@id":"https:\/\/www.bridge4mobility.com\/de\/#\/schema\/person\/d8a8f2ef67df38ba2912abac766e53db"},"breadcrumb":{"@id":"https:\/\/www.bridge4mobility.com\/es\/visita-a-boehler-en-austria\/#breadcrumb"},"inLanguage":"es","potentialAction":[{"@type":"ReadAction","target":["https:\/\/www.bridge4mobility.com\/es\/visita-a-boehler-en-austria\/"]}]},{"@type":"BreadcrumbList","@id":"https:\/\/www.bridge4mobility.com\/es\/visita-a-boehler-en-austria\/#breadcrumb","itemListElement":[{"@type":"ListItem","position":1,"name":"Home","item":"https:\/\/www.bridge4mobility.com\/es\/"},{"@type":"ListItem","position":2,"name":"Visita a B\u00f6hler en Austria !"}]},{"@type":"WebSite","@id":"https:\/\/www.bridge4mobility.com\/de\/#website","url":"https:\/\/www.bridge4mobility.com\/de\/","name":"Bridge4Mobility","description":"Qualifizierte Fachkr\u00e4fte aus Spanien","potentialAction":[{"@type":"SearchAction","target":{"@type":"EntryPoint","urlTemplate":"https:\/\/www.bridge4mobility.com\/de\/?s={search_term_string}"},"query-input":"required name=search_term_string"}],"inLanguage":"es"},{"@type":"Person","@id":"https:\/\/www.bridge4mobility.com\/de\/#\/schema\/person\/d8a8f2ef67df38ba2912abac766e53db","name":"Rosa Sanchez","image":{"@type":"ImageObject","inLanguage":"es","@id":"https:\/\/www.bridge4mobility.com\/de\/#\/schema\/person\/image\/","url":"https:\/\/www.bridge4mobility.com\/wp-content\/uploads\/letter-avatar\/ad15267741798dfac018169b3c617ba0.svg","contentUrl":"https:\/\/www.bridge4mobility.com\/wp-content\/uploads\/letter-avatar\/ad15267741798dfac018169b3c617ba0.svg","caption":"Rosa Sanchez"},"url":"https:\/\/www.bridge4mobility.com\/es\/author\/r-sanchez\/"}]}},"_links":{"self":[{"href":"https:\/\/www.bridge4mobility.com\/es\/wp-json\/wp\/v2\/posts\/12695"}],"collection":[{"href":"https:\/\/www.bridge4mobility.com\/es\/wp-json\/wp\/v2\/posts"}],"about":[{"href":"https:\/\/www.bridge4mobility.com\/es\/wp-json\/wp\/v2\/types\/post"}],"author":[{"embeddable":true,"href":"https:\/\/www.bridge4mobility.com\/es\/wp-json\/wp\/v2\/users\/1715"}],"replies":[{"embeddable":true,"href":"https:\/\/www.bridge4mobility.com\/es\/wp-json\/wp\/v2\/comments?post=12695"}],"version-history":[{"count":3,"href":"https:\/\/www.bridge4mobility.com\/es\/wp-json\/wp\/v2\/posts\/12695\/revisions"}],"predecessor-version":[{"id":12704,"href":"https:\/\/www.bridge4mobility.com\/es\/wp-json\/wp\/v2\/posts\/12695\/revisions\/12704"}],"wp:featuredmedia":[{"embeddable":true,"href":"https:\/\/www.bridge4mobility.com\/es\/wp-json\/wp\/v2\/media\/12696"}],"wp:attachment":[{"href":"https:\/\/www.bridge4mobility.com\/es\/wp-json\/wp\/v2\/media?parent=12695"}],"wp:term":[{"taxonomy":"category","embeddable":true,"href":"https:\/\/www.bridge4mobility.com\/es\/wp-json\/wp\/v2\/categories?post=12695"},{"taxonomy":"post_tag","embeddable":true,"href":"https:\/\/www.bridge4mobility.com\/es\/wp-json\/wp\/v2\/tags?post=12695"}],"curies":[{"name":"wp","href":"https:\/\/api.w.org\/{rel}","templated":true}]}}