{"id":12229,"date":"2023-10-27T08:58:50","date_gmt":"2023-10-27T06:58:50","guid":{"rendered":"https:\/\/www.bridge4mobility.com\/?p=12229"},"modified":"2023-10-27T08:58:50","modified_gmt":"2023-10-27T06:58:50","slug":"b4m-cumple-9-anos","status":"publish","type":"post","link":"https:\/\/www.bridge4mobility.com\/es\/b4m-cumple-9-anos\/","title":{"rendered":"\u00a1B4M cumple 9 a\u00f1os!"},"content":{"rendered":"<p>\u00a1Un a\u00f1o m\u00e1s, en B4M estamos de cumplea\u00f1os!<\/p>\n<p>Este a\u00f1o ha estado lleno de nuevos proyectos que han permitido a muchos participantes cumplir su objetivo de estudiar y\/o trabajar en Alemania o Austria.<\/p>\n<p>Gracias al programa Singulars y otros proyectos, muchas empresas austr\u00edacas y alemanas cuentan con nuevo personal de nacionalidad espa\u00f1ola o colombiana.<\/p>\n<p>Otro a\u00f1o lleno de retos, con muchas horas de estudios de alem\u00e1n por parte de los candidatos y mucha motivaci\u00f3n y ganas de empezar la nueva etapa en otro pa\u00eds.<\/p>\n<p>\u00a1Ahora se trata de llegar a nuestra primera d\u00e9cada con muchos m\u00e1s proyectos y candidatos motivados para hacerlos!<\/p>\n","protected":false},"excerpt":{"rendered":"<p>\u00a1Un a\u00f1o m\u00e1s, en B4M estamos de cumplea\u00f1os! Este a\u00f1o ha estado lleno de nuevos proyectos que han permitido a muchos participantes cumplir su objetivo de estudiar y\/o trabajar en Alemania o Austria. Gracias al programa Singulars y otros proyectos, muchas empresas austr\u00edacas y alemanas cuentan con nuevo personal de nacionalidad espa\u00f1ola o colombiana. Otro<\/p>\n","protected":false},"author":1715,"featured_media":12228,"comment_status":"closed","ping_status":"closed","sticky":false,"template":"","format":"standard","meta":[],"categories":[7],"tags":[],"yoast_head":"<!-- This site is optimized with the Yoast SEO plugin v19.13 - https:\/\/yoast.com\/wordpress\/plugins\/seo\/ -->\n<title>\u00a1B4M cumple 9 a\u00f1os! - Bridge4Mobility<\/title>\n<meta name=\"robots\" content=\"index, follow, max-snippet:-1, max-image-preview:large, max-video-preview:-1\" \/>\n<link rel=\"canonical\" href=\"https:\/\/www.bridge4mobility.com\/es\/b4m-cumple-9-anos\/\" \/>\n<meta property=\"og:locale\" content=\"es_ES\" \/>\n<meta property=\"og:type\" content=\"article\" \/>\n<meta property=\"og:title\" content=\"\u00a1B4M cumple 9 a\u00f1os! - Bridge4Mobility\" \/>\n<meta property=\"og:description\" content=\"\u00a1Un a\u00f1o m\u00e1s, en B4M estamos de cumplea\u00f1os! Este a\u00f1o ha estado lleno de nuevos proyectos que han permitido a muchos participantes cumplir su objetivo de estudiar y\/o trabajar en Alemania o Austria. Gracias al programa Singulars y otros proyectos, muchas empresas austr\u00edacas y alemanas cuentan con nuevo personal de nacionalidad espa\u00f1ola o colombiana. Otro\" \/>\n<meta property=\"og:url\" content=\"https:\/\/www.bridge4mobility.com\/es\/b4m-cumple-9-anos\/\" \/>\n<meta property=\"og:site_name\" content=\"Bridge4Mobility\" \/>\n<meta property=\"article:published_time\" content=\"2023-10-27T06:58:50+00:00\" \/>\n<meta name=\"author\" content=\"Rosa Sanchez\" \/>\n<meta name=\"twitter:label1\" content=\"Escrito por\" \/>\n\t<meta name=\"twitter:data1\" content=\"Rosa Sanchez\" \/>\n\t<meta name=\"twitter:label2\" content=\"Tiempo de lectura\" \/>\n\t<meta name=\"twitter:data2\" content=\"1 minuto\" \/>\n<script type=\"application\/ld+json\" class=\"yoast-schema-graph\">{\"@context\":\"https:\/\/schema.org\",\"@graph\":[{\"@type\":\"WebPage\",\"@id\":\"https:\/\/www.bridge4mobility.com\/es\/b4m-cumple-9-anos\/\",\"url\":\"https:\/\/www.bridge4mobility.com\/es\/b4m-cumple-9-anos\/\",\"name\":\"\u00a1B4M cumple 9 a\u00f1os! - Bridge4Mobility\",\"isPartOf\":{\"@id\":\"https:\/\/www.bridge4mobility.com\/de\/#website\"},\"datePublished\":\"2023-10-27T06:58:50+00:00\",\"dateModified\":\"2023-10-27T06:58:50+00:00\",\"author\":{\"@id\":\"https:\/\/www.bridge4mobility.com\/de\/#\/schema\/person\/d8a8f2ef67df38ba2912abac766e53db\"},\"breadcrumb\":{\"@id\":\"https:\/\/www.bridge4mobility.com\/es\/b4m-cumple-9-anos\/#breadcrumb\"},\"inLanguage\":\"es\",\"potentialAction\":[{\"@type\":\"ReadAction\",\"target\":[\"https:\/\/www.bridge4mobility.com\/es\/b4m-cumple-9-anos\/\"]}]},{\"@type\":\"BreadcrumbList\",\"@id\":\"https:\/\/www.bridge4mobility.com\/es\/b4m-cumple-9-anos\/#breadcrumb\",\"itemListElement\":[{\"@type\":\"ListItem\",\"position\":1,\"name\":\"Home\",\"item\":\"https:\/\/www.bridge4mobility.com\/es\/\"},{\"@type\":\"ListItem\",\"position\":2,\"name\":\"\u00a1B4M cumple 9 a\u00f1os!\"}]},{\"@type\":\"WebSite\",\"@id\":\"https:\/\/www.bridge4mobility.com\/de\/#website\",\"url\":\"https:\/\/www.bridge4mobility.com\/de\/\",\"name\":\"Bridge4Mobility\",\"description\":\"Qualifizierte Fachkr\u00e4fte aus Spanien\",\"potentialAction\":[{\"@type\":\"SearchAction\",\"target\":{\"@type\":\"EntryPoint\",\"urlTemplate\":\"https:\/\/www.bridge4mobility.com\/de\/?s={search_term_string}\"},\"query-input\":\"required name=search_term_string\"}],\"inLanguage\":\"es\"},{\"@type\":\"Person\",\"@id\":\"https:\/\/www.bridge4mobility.com\/de\/#\/schema\/person\/d8a8f2ef67df38ba2912abac766e53db\",\"name\":\"Rosa Sanchez\",\"image\":{\"@type\":\"ImageObject\",\"inLanguage\":\"es\",\"@id\":\"https:\/\/www.bridge4mobility.com\/de\/#\/schema\/person\/image\/\",\"url\":\"https:\/\/www.bridge4mobility.com\/wp-content\/uploads\/letter-avatar\/ad15267741798dfac018169b3c617ba0.svg\",\"contentUrl\":\"https:\/\/www.bridge4mobility.com\/wp-content\/uploads\/letter-avatar\/ad15267741798dfac018169b3c617ba0.svg\",\"caption\":\"Rosa Sanchez\"},\"url\":\"https:\/\/www.bridge4mobility.com\/es\/author\/r-sanchez\/\"}]}<\/script>\n<!-- \/ Yoast SEO plugin. -->","yoast_head_json":{"title":"\u00a1B4M cumple 9 a\u00f1os! - Bridge4Mobility","robots":{"index":"index","follow":"follow","max-snippet":"max-snippet:-1","max-image-preview":"max-image-preview:large","max-video-preview":"max-video-preview:-1"},"canonical":"https:\/\/www.bridge4mobility.com\/es\/b4m-cumple-9-anos\/","og_locale":"es_ES","og_type":"article","og_title":"\u00a1B4M cumple 9 a\u00f1os! - Bridge4Mobility","og_description":"\u00a1Un a\u00f1o m\u00e1s, en B4M estamos de cumplea\u00f1os! Este a\u00f1o ha estado lleno de nuevos proyectos que han permitido a muchos participantes cumplir su objetivo de estudiar y\/o trabajar en Alemania o Austria. Gracias al programa Singulars y otros proyectos, muchas empresas austr\u00edacas y alemanas cuentan con nuevo personal de nacionalidad espa\u00f1ola o colombiana. Otro","og_url":"https:\/\/www.bridge4mobility.com\/es\/b4m-cumple-9-anos\/","og_site_name":"Bridge4Mobility","article_published_time":"2023-10-27T06:58:50+00:00","author":"Rosa Sanchez","twitter_misc":{"Escrito por":"Rosa Sanchez","Tiempo de lectura":"1 minuto"},"schema":{"@context":"https:\/\/schema.org","@graph":[{"@type":"WebPage","@id":"https:\/\/www.bridge4mobility.com\/es\/b4m-cumple-9-anos\/","url":"https:\/\/www.bridge4mobility.com\/es\/b4m-cumple-9-anos\/","name":"\u00a1B4M cumple 9 a\u00f1os! - Bridge4Mobility","isPartOf":{"@id":"https:\/\/www.bridge4mobility.com\/de\/#website"},"datePublished":"2023-10-27T06:58:50+00:00","dateModified":"2023-10-27T06:58:50+00:00","author":{"@id":"https:\/\/www.bridge4mobility.com\/de\/#\/schema\/person\/d8a8f2ef67df38ba2912abac766e53db"},"breadcrumb":{"@id":"https:\/\/www.bridge4mobility.com\/es\/b4m-cumple-9-anos\/#breadcrumb"},"inLanguage":"es","potentialAction":[{"@type":"ReadAction","target":["https:\/\/www.bridge4mobility.com\/es\/b4m-cumple-9-anos\/"]}]},{"@type":"BreadcrumbList","@id":"https:\/\/www.bridge4mobility.com\/es\/b4m-cumple-9-anos\/#breadcrumb","itemListElement":[{"@type":"ListItem","position":1,"name":"Home","item":"https:\/\/www.bridge4mobility.com\/es\/"},{"@type":"ListItem","position":2,"name":"\u00a1B4M cumple 9 a\u00f1os!"}]},{"@type":"WebSite","@id":"https:\/\/www.bridge4mobility.com\/de\/#website","url":"https:\/\/www.bridge4mobility.com\/de\/","name":"Bridge4Mobility","description":"Qualifizierte Fachkr\u00e4fte aus Spanien","potentialAction":[{"@type":"SearchAction","target":{"@type":"EntryPoint","urlTemplate":"https:\/\/www.bridge4mobility.com\/de\/?s={search_term_string}"},"query-input":"required name=search_term_string"}],"inLanguage":"es"},{"@type":"Person","@id":"https:\/\/www.bridge4mobility.com\/de\/#\/schema\/person\/d8a8f2ef67df38ba2912abac766e53db","name":"Rosa Sanchez","image":{"@type":"ImageObject","inLanguage":"es","@id":"https:\/\/www.bridge4mobility.com\/de\/#\/schema\/person\/image\/","url":"https:\/\/www.bridge4mobility.com\/wp-content\/uploads\/letter-avatar\/ad15267741798dfac018169b3c617ba0.svg","contentUrl":"https:\/\/www.bridge4mobility.com\/wp-content\/uploads\/letter-avatar\/ad15267741798dfac018169b3c617ba0.svg","caption":"Rosa Sanchez"},"url":"https:\/\/www.bridge4mobility.com\/es\/author\/r-sanchez\/"}]}},"_links":{"self":[{"href":"https:\/\/www.bridge4mobility.com\/es\/wp-json\/wp\/v2\/posts\/12229"}],"collection":[{"href":"https:\/\/www.bridge4mobility.com\/es\/wp-json\/wp\/v2\/posts"}],"about":[{"href":"https:\/\/www.bridge4mobility.com\/es\/wp-json\/wp\/v2\/types\/post"}],"author":[{"embeddable":true,"href":"https:\/\/www.bridge4mobility.com\/es\/wp-json\/wp\/v2\/users\/1715"}],"replies":[{"embeddable":true,"href":"https:\/\/www.bridge4mobility.com\/es\/wp-json\/wp\/v2\/comments?post=12229"}],"version-history":[{"count":1,"href":"https:\/\/www.bridge4mobility.com\/es\/wp-json\/wp\/v2\/posts\/12229\/revisions"}],"predecessor-version":[{"id":12230,"href":"https:\/\/www.bridge4mobility.com\/es\/wp-json\/wp\/v2\/posts\/12229\/revisions\/12230"}],"wp:featuredmedia":[{"embeddable":true,"href":"https:\/\/www.bridge4mobility.com\/es\/wp-json\/wp\/v2\/media\/12228"}],"wp:attachment":[{"href":"https:\/\/www.bridge4mobility.com\/es\/wp-json\/wp\/v2\/media?parent=12229"}],"wp:term":[{"taxonomy":"category","embeddable":true,"href":"https:\/\/www.bridge4mobility.com\/es\/wp-json\/wp\/v2\/categories?post=12229"},{"taxonomy":"post_tag","embeddable":true,"href":"https:\/\/www.bridge4mobility.com\/es\/wp-json\/wp\/v2\/tags?post=12229"}],"curies":[{"name":"wp","href":"https:\/\/api.w.org\/{rel}","templated":true}]}}