{"id":12038,"date":"2023-02-17T08:51:50","date_gmt":"2023-02-17T07:51:50","guid":{"rendered":"https:\/\/www.bridge4mobility.com\/?p=12038"},"modified":"2023-02-17T08:51:50","modified_gmt":"2023-02-17T07:51:50","slug":"bienvenido-al-equipo-b4m-carlos","status":"publish","type":"post","link":"https:\/\/www.bridge4mobility.com\/es\/bienvenido-al-equipo-b4m-carlos\/","title":{"rendered":"\u00a1Bienvenido al equipo B4M Carlos!"},"content":{"rendered":"<p>Carlos Cevallos se une ahora a nuestro equipo como orientador para auxiliares y aprendices de Espa\u00f1a que buscan un futuro profesional en Alemania o Austria. Carlos tiene un t\u00edtulo universitario en educaci\u00f3n y dos formaciones en sistemas y aplicaciones inform\u00e1ticas. \u00a1Bienvenido y buena suerte Carlos !<\/p>\n","protected":false},"excerpt":{"rendered":"<p>Carlos Cevallos se une ahora a nuestro equipo como orientador para auxiliares y aprendices de Espa\u00f1a que buscan un futuro profesional en Alemania o Austria. Carlos tiene un t\u00edtulo universitario en educaci\u00f3n y dos formaciones en sistemas y aplicaciones inform\u00e1ticas. \u00a1Bienvenido y buena suerte Carlos !<\/p>\n","protected":false},"author":2529,"featured_media":12032,"comment_status":"closed","ping_status":"closed","sticky":false,"template":"","format":"standard","meta":[],"categories":[11],"tags":[],"yoast_head":"<!-- This site is optimized with the Yoast SEO plugin v19.13 - https:\/\/yoast.com\/wordpress\/plugins\/seo\/ -->\n<title>\u00a1Bienvenido al equipo B4M Carlos! - Bridge4Mobility<\/title>\n<meta name=\"robots\" content=\"index, follow, max-snippet:-1, max-image-preview:large, max-video-preview:-1\" \/>\n<link rel=\"canonical\" href=\"https:\/\/www.bridge4mobility.com\/es\/bienvenido-al-equipo-b4m-carlos\/\" \/>\n<meta property=\"og:locale\" content=\"es_ES\" \/>\n<meta property=\"og:type\" content=\"article\" \/>\n<meta property=\"og:title\" content=\"\u00a1Bienvenido al equipo B4M Carlos! - Bridge4Mobility\" \/>\n<meta property=\"og:description\" content=\"Carlos Cevallos se une ahora a nuestro equipo como orientador para auxiliares y aprendices de Espa\u00f1a que buscan un futuro profesional en Alemania o Austria. Carlos tiene un t\u00edtulo universitario en educaci\u00f3n y dos formaciones en sistemas y aplicaciones inform\u00e1ticas. \u00a1Bienvenido y buena suerte Carlos !\" \/>\n<meta property=\"og:url\" content=\"https:\/\/www.bridge4mobility.com\/es\/bienvenido-al-equipo-b4m-carlos\/\" \/>\n<meta property=\"og:site_name\" content=\"Bridge4Mobility\" \/>\n<meta property=\"article:published_time\" content=\"2023-02-17T07:51:50+00:00\" \/>\n<meta name=\"author\" content=\"Manfred Bauer\" \/>\n<meta name=\"twitter:label1\" content=\"Escrito por\" \/>\n\t<meta name=\"twitter:data1\" content=\"Manfred Bauer\" \/>\n\t<meta name=\"twitter:label2\" content=\"Tiempo de lectura\" \/>\n\t<meta name=\"twitter:data2\" content=\"1 minuto\" \/>\n<script type=\"application\/ld+json\" class=\"yoast-schema-graph\">{\"@context\":\"https:\/\/schema.org\",\"@graph\":[{\"@type\":\"WebPage\",\"@id\":\"https:\/\/www.bridge4mobility.com\/es\/bienvenido-al-equipo-b4m-carlos\/\",\"url\":\"https:\/\/www.bridge4mobility.com\/es\/bienvenido-al-equipo-b4m-carlos\/\",\"name\":\"\u00a1Bienvenido al equipo B4M Carlos! - Bridge4Mobility\",\"isPartOf\":{\"@id\":\"https:\/\/www.bridge4mobility.com\/de\/#website\"},\"datePublished\":\"2023-02-17T07:51:50+00:00\",\"dateModified\":\"2023-02-17T07:51:50+00:00\",\"author\":{\"@id\":\"https:\/\/www.bridge4mobility.com\/de\/#\/schema\/person\/9c0e205bca6301b7317260766e1e1a90\"},\"breadcrumb\":{\"@id\":\"https:\/\/www.bridge4mobility.com\/es\/bienvenido-al-equipo-b4m-carlos\/#breadcrumb\"},\"inLanguage\":\"es\",\"potentialAction\":[{\"@type\":\"ReadAction\",\"target\":[\"https:\/\/www.bridge4mobility.com\/es\/bienvenido-al-equipo-b4m-carlos\/\"]}]},{\"@type\":\"BreadcrumbList\",\"@id\":\"https:\/\/www.bridge4mobility.com\/es\/bienvenido-al-equipo-b4m-carlos\/#breadcrumb\",\"itemListElement\":[{\"@type\":\"ListItem\",\"position\":1,\"name\":\"Home\",\"item\":\"https:\/\/www.bridge4mobility.com\/es\/\"},{\"@type\":\"ListItem\",\"position\":2,\"name\":\"\u00a1Bienvenido al equipo B4M Carlos!\"}]},{\"@type\":\"WebSite\",\"@id\":\"https:\/\/www.bridge4mobility.com\/de\/#website\",\"url\":\"https:\/\/www.bridge4mobility.com\/de\/\",\"name\":\"Bridge4Mobility\",\"description\":\"Qualifizierte Fachkr\u00e4fte aus Spanien\",\"potentialAction\":[{\"@type\":\"SearchAction\",\"target\":{\"@type\":\"EntryPoint\",\"urlTemplate\":\"https:\/\/www.bridge4mobility.com\/de\/?s={search_term_string}\"},\"query-input\":\"required name=search_term_string\"}],\"inLanguage\":\"es\"},{\"@type\":\"Person\",\"@id\":\"https:\/\/www.bridge4mobility.com\/de\/#\/schema\/person\/9c0e205bca6301b7317260766e1e1a90\",\"name\":\"Manfred Bauer\",\"image\":{\"@type\":\"ImageObject\",\"inLanguage\":\"es\",\"@id\":\"https:\/\/www.bridge4mobility.com\/de\/#\/schema\/person\/image\/\",\"url\":\"https:\/\/www.bridge4mobility.com\/wp-content\/uploads\/letter-avatar\/21ffd96a16a50f39cc0ddb1022faf668.svg\",\"contentUrl\":\"https:\/\/www.bridge4mobility.com\/wp-content\/uploads\/letter-avatar\/21ffd96a16a50f39cc0ddb1022faf668.svg\",\"caption\":\"Manfred Bauer\"},\"url\":\"https:\/\/www.bridge4mobility.com\/es\/author\/m-bauer\/\"}]}<\/script>\n<!-- \/ Yoast SEO plugin. -->","yoast_head_json":{"title":"\u00a1Bienvenido al equipo B4M Carlos! - Bridge4Mobility","robots":{"index":"index","follow":"follow","max-snippet":"max-snippet:-1","max-image-preview":"max-image-preview:large","max-video-preview":"max-video-preview:-1"},"canonical":"https:\/\/www.bridge4mobility.com\/es\/bienvenido-al-equipo-b4m-carlos\/","og_locale":"es_ES","og_type":"article","og_title":"\u00a1Bienvenido al equipo B4M Carlos! - Bridge4Mobility","og_description":"Carlos Cevallos se une ahora a nuestro equipo como orientador para auxiliares y aprendices de Espa\u00f1a que buscan un futuro profesional en Alemania o Austria. Carlos tiene un t\u00edtulo universitario en educaci\u00f3n y dos formaciones en sistemas y aplicaciones inform\u00e1ticas. \u00a1Bienvenido y buena suerte Carlos !","og_url":"https:\/\/www.bridge4mobility.com\/es\/bienvenido-al-equipo-b4m-carlos\/","og_site_name":"Bridge4Mobility","article_published_time":"2023-02-17T07:51:50+00:00","author":"Manfred Bauer","twitter_misc":{"Escrito por":"Manfred Bauer","Tiempo de lectura":"1 minuto"},"schema":{"@context":"https:\/\/schema.org","@graph":[{"@type":"WebPage","@id":"https:\/\/www.bridge4mobility.com\/es\/bienvenido-al-equipo-b4m-carlos\/","url":"https:\/\/www.bridge4mobility.com\/es\/bienvenido-al-equipo-b4m-carlos\/","name":"\u00a1Bienvenido al equipo B4M Carlos! - Bridge4Mobility","isPartOf":{"@id":"https:\/\/www.bridge4mobility.com\/de\/#website"},"datePublished":"2023-02-17T07:51:50+00:00","dateModified":"2023-02-17T07:51:50+00:00","author":{"@id":"https:\/\/www.bridge4mobility.com\/de\/#\/schema\/person\/9c0e205bca6301b7317260766e1e1a90"},"breadcrumb":{"@id":"https:\/\/www.bridge4mobility.com\/es\/bienvenido-al-equipo-b4m-carlos\/#breadcrumb"},"inLanguage":"es","potentialAction":[{"@type":"ReadAction","target":["https:\/\/www.bridge4mobility.com\/es\/bienvenido-al-equipo-b4m-carlos\/"]}]},{"@type":"BreadcrumbList","@id":"https:\/\/www.bridge4mobility.com\/es\/bienvenido-al-equipo-b4m-carlos\/#breadcrumb","itemListElement":[{"@type":"ListItem","position":1,"name":"Home","item":"https:\/\/www.bridge4mobility.com\/es\/"},{"@type":"ListItem","position":2,"name":"\u00a1Bienvenido al equipo B4M Carlos!"}]},{"@type":"WebSite","@id":"https:\/\/www.bridge4mobility.com\/de\/#website","url":"https:\/\/www.bridge4mobility.com\/de\/","name":"Bridge4Mobility","description":"Qualifizierte Fachkr\u00e4fte aus Spanien","potentialAction":[{"@type":"SearchAction","target":{"@type":"EntryPoint","urlTemplate":"https:\/\/www.bridge4mobility.com\/de\/?s={search_term_string}"},"query-input":"required name=search_term_string"}],"inLanguage":"es"},{"@type":"Person","@id":"https:\/\/www.bridge4mobility.com\/de\/#\/schema\/person\/9c0e205bca6301b7317260766e1e1a90","name":"Manfred Bauer","image":{"@type":"ImageObject","inLanguage":"es","@id":"https:\/\/www.bridge4mobility.com\/de\/#\/schema\/person\/image\/","url":"https:\/\/www.bridge4mobility.com\/wp-content\/uploads\/letter-avatar\/21ffd96a16a50f39cc0ddb1022faf668.svg","contentUrl":"https:\/\/www.bridge4mobility.com\/wp-content\/uploads\/letter-avatar\/21ffd96a16a50f39cc0ddb1022faf668.svg","caption":"Manfred Bauer"},"url":"https:\/\/www.bridge4mobility.com\/es\/author\/m-bauer\/"}]}},"_links":{"self":[{"href":"https:\/\/www.bridge4mobility.com\/es\/wp-json\/wp\/v2\/posts\/12038"}],"collection":[{"href":"https:\/\/www.bridge4mobility.com\/es\/wp-json\/wp\/v2\/posts"}],"about":[{"href":"https:\/\/www.bridge4mobility.com\/es\/wp-json\/wp\/v2\/types\/post"}],"author":[{"embeddable":true,"href":"https:\/\/www.bridge4mobility.com\/es\/wp-json\/wp\/v2\/users\/2529"}],"replies":[{"embeddable":true,"href":"https:\/\/www.bridge4mobility.com\/es\/wp-json\/wp\/v2\/comments?post=12038"}],"version-history":[{"count":1,"href":"https:\/\/www.bridge4mobility.com\/es\/wp-json\/wp\/v2\/posts\/12038\/revisions"}],"predecessor-version":[{"id":12039,"href":"https:\/\/www.bridge4mobility.com\/es\/wp-json\/wp\/v2\/posts\/12038\/revisions\/12039"}],"wp:featuredmedia":[{"embeddable":true,"href":"https:\/\/www.bridge4mobility.com\/es\/wp-json\/wp\/v2\/media\/12032"}],"wp:attachment":[{"href":"https:\/\/www.bridge4mobility.com\/es\/wp-json\/wp\/v2\/media?parent=12038"}],"wp:term":[{"taxonomy":"category","embeddable":true,"href":"https:\/\/www.bridge4mobility.com\/es\/wp-json\/wp\/v2\/categories?post=12038"},{"taxonomy":"post_tag","embeddable":true,"href":"https:\/\/www.bridge4mobility.com\/es\/wp-json\/wp\/v2\/tags?post=12038"}],"curies":[{"name":"wp","href":"https:\/\/api.w.org\/{rel}","templated":true}]}}