{"id":12705,"date":"2024-06-11T15:58:56","date_gmt":"2024-06-11T13:58:56","guid":{"rendered":"https:\/\/www.bridge4mobility.com\/?p=12705"},"modified":"2024-06-11T16:32:18","modified_gmt":"2024-06-11T14:32:18","slug":"gibts-noch-azubis-fuers-stahlwerk","status":"publish","type":"post","link":"https:\/\/www.bridge4mobility.com\/de\/gibts-noch-azubis-fuers-stahlwerk\/","title":{"rendered":"Gibt&#8217;s noch Azubis f\u00fcrs Stahlwerk ?"},"content":{"rendered":"<p>Ja, die gibt&#8217;s noch und sie kommen aus Spanien ! Diese Woche besuchte diese Gruppe von Bewerbern das Unternehmen B\u00f6hler (Voestalpine Gruppe) in \u00d6sterreich, um aus erster Hand zu erfahren, wo sie ab September 2024 ihre duale Berufsausbildung absolvieren werden.<\/p>\n<p>Sie werden eine duale Berufsausbildung in Metallurgie und Umformtechnik absolvieren. Diese Ausbildung in \u00d6sterreich, bei der die Lehrlingsarbeit mit theoretischem Unterricht kombiniert wird, er\u00f6ffnet ihnen eine Zukunft, in der sich ihre Jobchancen um ein Vielfaches erh\u00f6hen!<\/p>\n<p>Das Unternehmen bezahlte ihre Reise und ihren Besuch, und unsere Kollegin von Talents for Europe, Magdalena Exp\u00f3sito, war so freundlich, sie die ganze Zeit \u00fcber zu begleiten. Dort konnten sie einige spanische Teilnehmer aus fr\u00fcheren Jahren treffen und ihre Zweifel ausr\u00e4umen (falls sie noch welche hatten!).<\/p>\n<p>Es waren ein paar Tage, die ihnen auch eine kurze Pause vom intensiven Deutschkurs erm\u00f6glicht haben. Sie lernen bereits das B1-Niveau der Sprache, und in einigen Wochen werden sie ihre offizielle B1-Pr\u00fcfung ablegen. Wir w\u00fcnschen ihnen viel Gl\u00fcck und Erfolg!<\/p>\n<p><img loading=\"lazy\" class=\"alignnone size-full wp-image-12709\" src=\"https:\/\/www.bridge4mobility.com\/wp-content\/uploads\/Boehler1-1.jpg\" alt=\"\" width=\"2000\" height=\"1500\" \/> <img loading=\"lazy\" class=\"alignnone size-medium wp-image-12710\" src=\"https:\/\/www.bridge4mobility.com\/wp-content\/uploads\/Boehler2-1.jpg\" alt=\"\" width=\"225\" height=\"300\" \/> <img loading=\"lazy\" class=\"alignnone size-medium wp-image-12711\" src=\"https:\/\/www.bridge4mobility.com\/wp-content\/uploads\/Boehler3-1.jpg\" alt=\"\" width=\"225\" height=\"300\" \/> <img loading=\"lazy\" class=\"alignnone size-medium wp-image-12712\" src=\"https:\/\/www.bridge4mobility.com\/wp-content\/uploads\/Boehler5-1.jpg\" alt=\"\" width=\"300\" height=\"225\" \/> <img loading=\"lazy\" class=\"alignnone size-medium wp-image-12713\" src=\"https:\/\/www.bridge4mobility.com\/wp-content\/uploads\/Boehler222-1.jpg\" alt=\"\" width=\"300\" height=\"225\" \/><\/p>\n<p>&nbsp;<\/p>\n<p>&nbsp;<\/p>\n<p>&nbsp;<\/p>\n","protected":false},"excerpt":{"rendered":"<p>Ja, die gibt&#8217;s noch und sie kommen aus Spanien ! Diese Woche besuchte diese Gruppe von Bewerbern das Unternehmen B\u00f6hler (Voestalpine Gruppe) in \u00d6sterreich, um aus erster Hand zu erfahren, wo sie ab September 2024 ihre duale Berufsausbildung absolvieren werden. Sie werden eine duale Berufsausbildung in Metallurgie und Umformtechnik absolvieren. Diese Ausbildung in \u00d6sterreich, bei<\/p>\n","protected":false},"author":2529,"featured_media":12696,"comment_status":"closed","ping_status":"closed","sticky":false,"template":"","format":"standard","meta":[],"categories":[6],"tags":[133],"yoast_head":"<!-- This site is optimized with the Yoast SEO plugin v19.13 - https:\/\/yoast.com\/wordpress\/plugins\/seo\/ -->\n<title>Gibt&#039;s noch Azubis f\u00fcrs Stahlwerk ? - Bridge4Mobility<\/title>\n<meta name=\"robots\" content=\"index, follow, max-snippet:-1, max-image-preview:large, max-video-preview:-1\" \/>\n<link rel=\"canonical\" href=\"https:\/\/www.bridge4mobility.com\/de\/gibts-noch-azubis-fuers-stahlwerk\/\" \/>\n<meta property=\"og:locale\" content=\"de_DE\" \/>\n<meta property=\"og:type\" content=\"article\" \/>\n<meta property=\"og:title\" content=\"Gibt&#039;s noch Azubis f\u00fcrs Stahlwerk ? - Bridge4Mobility\" \/>\n<meta property=\"og:description\" content=\"Ja, die gibt&#8217;s noch und sie kommen aus Spanien ! Diese Woche besuchte diese Gruppe von Bewerbern das Unternehmen B\u00f6hler (Voestalpine Gruppe) in \u00d6sterreich, um aus erster Hand zu erfahren, wo sie ab September 2024 ihre duale Berufsausbildung absolvieren werden. Sie werden eine duale Berufsausbildung in Metallurgie und Umformtechnik absolvieren. Diese Ausbildung in \u00d6sterreich, bei\" \/>\n<meta property=\"og:url\" content=\"https:\/\/www.bridge4mobility.com\/de\/gibts-noch-azubis-fuers-stahlwerk\/\" \/>\n<meta property=\"og:site_name\" content=\"Bridge4Mobility\" \/>\n<meta property=\"article:published_time\" content=\"2024-06-11T13:58:56+00:00\" \/>\n<meta property=\"article:modified_time\" content=\"2024-06-11T14:32:18+00:00\" \/>\n<meta name=\"author\" content=\"Manfred Bauer\" \/>\n<meta name=\"twitter:label1\" content=\"Verfasst von\" \/>\n\t<meta name=\"twitter:data1\" content=\"Manfred Bauer\" \/>\n\t<meta name=\"twitter:label2\" content=\"Gesch\u00e4tzte Lesezeit\" \/>\n\t<meta name=\"twitter:data2\" content=\"2 Minuten\" \/>\n<script type=\"application\/ld+json\" class=\"yoast-schema-graph\">{\"@context\":\"https:\/\/schema.org\",\"@graph\":[{\"@type\":\"WebPage\",\"@id\":\"https:\/\/www.bridge4mobility.com\/de\/gibts-noch-azubis-fuers-stahlwerk\/\",\"url\":\"https:\/\/www.bridge4mobility.com\/de\/gibts-noch-azubis-fuers-stahlwerk\/\",\"name\":\"Gibt's noch Azubis f\u00fcrs Stahlwerk ? - Bridge4Mobility\",\"isPartOf\":{\"@id\":\"https:\/\/www.bridge4mobility.com\/de\/#website\"},\"datePublished\":\"2024-06-11T13:58:56+00:00\",\"dateModified\":\"2024-06-11T14:32:18+00:00\",\"author\":{\"@id\":\"https:\/\/www.bridge4mobility.com\/de\/#\/schema\/person\/9c0e205bca6301b7317260766e1e1a90\"},\"breadcrumb\":{\"@id\":\"https:\/\/www.bridge4mobility.com\/de\/gibts-noch-azubis-fuers-stahlwerk\/#breadcrumb\"},\"inLanguage\":\"de-DE\",\"potentialAction\":[{\"@type\":\"ReadAction\",\"target\":[\"https:\/\/www.bridge4mobility.com\/de\/gibts-noch-azubis-fuers-stahlwerk\/\"]}]},{\"@type\":\"BreadcrumbList\",\"@id\":\"https:\/\/www.bridge4mobility.com\/de\/gibts-noch-azubis-fuers-stahlwerk\/#breadcrumb\",\"itemListElement\":[{\"@type\":\"ListItem\",\"position\":1,\"name\":\"Home\",\"item\":\"https:\/\/www.bridge4mobility.com\/de\/\"},{\"@type\":\"ListItem\",\"position\":2,\"name\":\"Gibt&#8217;s noch Azubis f\u00fcrs Stahlwerk ?\"}]},{\"@type\":\"WebSite\",\"@id\":\"https:\/\/www.bridge4mobility.com\/de\/#website\",\"url\":\"https:\/\/www.bridge4mobility.com\/de\/\",\"name\":\"Bridge4Mobility\",\"description\":\"Qualifizierte Fachkr\u00e4fte aus Spanien\",\"potentialAction\":[{\"@type\":\"SearchAction\",\"target\":{\"@type\":\"EntryPoint\",\"urlTemplate\":\"https:\/\/www.bridge4mobility.com\/de\/?s={search_term_string}\"},\"query-input\":\"required name=search_term_string\"}],\"inLanguage\":\"de-DE\"},{\"@type\":\"Person\",\"@id\":\"https:\/\/www.bridge4mobility.com\/de\/#\/schema\/person\/9c0e205bca6301b7317260766e1e1a90\",\"name\":\"Manfred Bauer\",\"image\":{\"@type\":\"ImageObject\",\"inLanguage\":\"de-DE\",\"@id\":\"https:\/\/www.bridge4mobility.com\/de\/#\/schema\/person\/image\/\",\"url\":\"https:\/\/www.bridge4mobility.com\/wp-content\/uploads\/letter-avatar\/21ffd96a16a50f39cc0ddb1022faf668.svg\",\"contentUrl\":\"https:\/\/www.bridge4mobility.com\/wp-content\/uploads\/letter-avatar\/21ffd96a16a50f39cc0ddb1022faf668.svg\",\"caption\":\"Manfred Bauer\"},\"url\":\"https:\/\/www.bridge4mobility.com\/de\/author\/m-bauer\/\"}]}<\/script>\n<!-- \/ Yoast SEO plugin. -->","yoast_head_json":{"title":"Gibt's noch Azubis f\u00fcrs Stahlwerk ? - Bridge4Mobility","robots":{"index":"index","follow":"follow","max-snippet":"max-snippet:-1","max-image-preview":"max-image-preview:large","max-video-preview":"max-video-preview:-1"},"canonical":"https:\/\/www.bridge4mobility.com\/de\/gibts-noch-azubis-fuers-stahlwerk\/","og_locale":"de_DE","og_type":"article","og_title":"Gibt's noch Azubis f\u00fcrs Stahlwerk ? - Bridge4Mobility","og_description":"Ja, die gibt&#8217;s noch und sie kommen aus Spanien ! Diese Woche besuchte diese Gruppe von Bewerbern das Unternehmen B\u00f6hler (Voestalpine Gruppe) in \u00d6sterreich, um aus erster Hand zu erfahren, wo sie ab September 2024 ihre duale Berufsausbildung absolvieren werden. Sie werden eine duale Berufsausbildung in Metallurgie und Umformtechnik absolvieren. Diese Ausbildung in \u00d6sterreich, bei","og_url":"https:\/\/www.bridge4mobility.com\/de\/gibts-noch-azubis-fuers-stahlwerk\/","og_site_name":"Bridge4Mobility","article_published_time":"2024-06-11T13:58:56+00:00","article_modified_time":"2024-06-11T14:32:18+00:00","author":"Manfred Bauer","twitter_misc":{"Verfasst von":"Manfred Bauer","Gesch\u00e4tzte Lesezeit":"2 Minuten"},"schema":{"@context":"https:\/\/schema.org","@graph":[{"@type":"WebPage","@id":"https:\/\/www.bridge4mobility.com\/de\/gibts-noch-azubis-fuers-stahlwerk\/","url":"https:\/\/www.bridge4mobility.com\/de\/gibts-noch-azubis-fuers-stahlwerk\/","name":"Gibt's noch Azubis f\u00fcrs Stahlwerk ? - Bridge4Mobility","isPartOf":{"@id":"https:\/\/www.bridge4mobility.com\/de\/#website"},"datePublished":"2024-06-11T13:58:56+00:00","dateModified":"2024-06-11T14:32:18+00:00","author":{"@id":"https:\/\/www.bridge4mobility.com\/de\/#\/schema\/person\/9c0e205bca6301b7317260766e1e1a90"},"breadcrumb":{"@id":"https:\/\/www.bridge4mobility.com\/de\/gibts-noch-azubis-fuers-stahlwerk\/#breadcrumb"},"inLanguage":"de-DE","potentialAction":[{"@type":"ReadAction","target":["https:\/\/www.bridge4mobility.com\/de\/gibts-noch-azubis-fuers-stahlwerk\/"]}]},{"@type":"BreadcrumbList","@id":"https:\/\/www.bridge4mobility.com\/de\/gibts-noch-azubis-fuers-stahlwerk\/#breadcrumb","itemListElement":[{"@type":"ListItem","position":1,"name":"Home","item":"https:\/\/www.bridge4mobility.com\/de\/"},{"@type":"ListItem","position":2,"name":"Gibt&#8217;s noch Azubis f\u00fcrs Stahlwerk ?"}]},{"@type":"WebSite","@id":"https:\/\/www.bridge4mobility.com\/de\/#website","url":"https:\/\/www.bridge4mobility.com\/de\/","name":"Bridge4Mobility","description":"Qualifizierte Fachkr\u00e4fte aus Spanien","potentialAction":[{"@type":"SearchAction","target":{"@type":"EntryPoint","urlTemplate":"https:\/\/www.bridge4mobility.com\/de\/?s={search_term_string}"},"query-input":"required name=search_term_string"}],"inLanguage":"de-DE"},{"@type":"Person","@id":"https:\/\/www.bridge4mobility.com\/de\/#\/schema\/person\/9c0e205bca6301b7317260766e1e1a90","name":"Manfred Bauer","image":{"@type":"ImageObject","inLanguage":"de-DE","@id":"https:\/\/www.bridge4mobility.com\/de\/#\/schema\/person\/image\/","url":"https:\/\/www.bridge4mobility.com\/wp-content\/uploads\/letter-avatar\/21ffd96a16a50f39cc0ddb1022faf668.svg","contentUrl":"https:\/\/www.bridge4mobility.com\/wp-content\/uploads\/letter-avatar\/21ffd96a16a50f39cc0ddb1022faf668.svg","caption":"Manfred Bauer"},"url":"https:\/\/www.bridge4mobility.com\/de\/author\/m-bauer\/"}]}},"_links":{"self":[{"href":"https:\/\/www.bridge4mobility.com\/de\/wp-json\/wp\/v2\/posts\/12705"}],"collection":[{"href":"https:\/\/www.bridge4mobility.com\/de\/wp-json\/wp\/v2\/posts"}],"about":[{"href":"https:\/\/www.bridge4mobility.com\/de\/wp-json\/wp\/v2\/types\/post"}],"author":[{"embeddable":true,"href":"https:\/\/www.bridge4mobility.com\/de\/wp-json\/wp\/v2\/users\/2529"}],"replies":[{"embeddable":true,"href":"https:\/\/www.bridge4mobility.com\/de\/wp-json\/wp\/v2\/comments?post=12705"}],"version-history":[{"count":5,"href":"https:\/\/www.bridge4mobility.com\/de\/wp-json\/wp\/v2\/posts\/12705\/revisions"}],"predecessor-version":[{"id":12715,"href":"https:\/\/www.bridge4mobility.com\/de\/wp-json\/wp\/v2\/posts\/12705\/revisions\/12715"}],"wp:featuredmedia":[{"embeddable":true,"href":"https:\/\/www.bridge4mobility.com\/de\/wp-json\/wp\/v2\/media\/12696"}],"wp:attachment":[{"href":"https:\/\/www.bridge4mobility.com\/de\/wp-json\/wp\/v2\/media?parent=12705"}],"wp:term":[{"taxonomy":"category","embeddable":true,"href":"https:\/\/www.bridge4mobility.com\/de\/wp-json\/wp\/v2\/categories?post=12705"},{"taxonomy":"post_tag","embeddable":true,"href":"https:\/\/www.bridge4mobility.com\/de\/wp-json\/wp\/v2\/tags?post=12705"}],"curies":[{"name":"wp","href":"https:\/\/api.w.org\/{rel}","templated":true}]}}