{"id":12337,"date":"2024-01-22T12:53:19","date_gmt":"2024-01-22T11:53:19","guid":{"rendered":"https:\/\/www.bridge4mobility.com\/?p=12337"},"modified":"2024-01-22T13:00:15","modified_gmt":"2024-01-22T12:00:15","slug":"manfred-bauer-vertritt-b4m-beim-neujahrsempfang-der-ahk-in-barcelona","status":"publish","type":"post","link":"https:\/\/www.bridge4mobility.com\/de\/manfred-bauer-vertritt-b4m-beim-neujahrsempfang-der-ahk-in-barcelona\/","title":{"rendered":"Manfred Bauer vertritt B4M beim Neujahrsempfang der AHK in Barcelona"},"content":{"rendered":"<p>Unser COO, Manfred Bauer, hat Bridge4Mobility beim diesj\u00e4hrigen Neujahrsempfang der AHK am 18.1.24 in Barcelona vertreten. Das Motto der AHK f\u00fcr dieses Jahr heisst Fachkr\u00e4fte, Ausbildung, Arbeitsmarkt. Dass sind genau die Themen, die Bridge4Mobility erfolgreich seit 2014 insofern bearbeitet, dass deutsche und \u00f6sterreichische Betriebe in der Industrie und Pflege bei der Auslandsrekrutierung und sprachlichen sowie soziokulturellen Vorbereitung von Auszubildenden und Fachkr\u00e4ften unterst\u00fctzt werden.<\/p>\n","protected":false},"excerpt":{"rendered":"<p>Unser COO, Manfred Bauer, hat Bridge4Mobility beim diesj\u00e4hrigen Neujahrsempfang der AHK am 18.1.24 in Barcelona vertreten. Das Motto der AHK f\u00fcr dieses Jahr heisst Fachkr\u00e4fte, Ausbildung, Arbeitsmarkt. Dass sind genau die Themen, die Bridge4Mobility erfolgreich seit 2014 insofern bearbeitet, dass deutsche und \u00f6sterreichische Betriebe in der Industrie und Pflege bei der Auslandsrekrutierung und sprachlichen sowie<\/p>\n","protected":false},"author":2529,"featured_media":12339,"comment_status":"closed","ping_status":"closed","sticky":false,"template":"","format":"standard","meta":[],"categories":[6],"tags":[],"yoast_head":"<!-- This site is optimized with the Yoast SEO plugin v19.13 - https:\/\/yoast.com\/wordpress\/plugins\/seo\/ -->\n<title>Manfred Bauer vertritt B4M beim Neujahrsempfang der AHK in Barcelona - Bridge4Mobility<\/title>\n<meta name=\"robots\" content=\"index, follow, max-snippet:-1, max-image-preview:large, max-video-preview:-1\" \/>\n<link rel=\"canonical\" href=\"https:\/\/www.bridge4mobility.com\/de\/manfred-bauer-vertritt-b4m-beim-neujahrsempfang-der-ahk-in-barcelona\/\" \/>\n<meta property=\"og:locale\" content=\"de_DE\" \/>\n<meta property=\"og:type\" content=\"article\" \/>\n<meta property=\"og:title\" content=\"Manfred Bauer vertritt B4M beim Neujahrsempfang der AHK in Barcelona - Bridge4Mobility\" \/>\n<meta property=\"og:description\" content=\"Unser COO, Manfred Bauer, hat Bridge4Mobility beim diesj\u00e4hrigen Neujahrsempfang der AHK am 18.1.24 in Barcelona vertreten. Das Motto der AHK f\u00fcr dieses Jahr heisst Fachkr\u00e4fte, Ausbildung, Arbeitsmarkt. Dass sind genau die Themen, die Bridge4Mobility erfolgreich seit 2014 insofern bearbeitet, dass deutsche und \u00f6sterreichische Betriebe in der Industrie und Pflege bei der Auslandsrekrutierung und sprachlichen sowie\" \/>\n<meta property=\"og:url\" content=\"https:\/\/www.bridge4mobility.com\/de\/manfred-bauer-vertritt-b4m-beim-neujahrsempfang-der-ahk-in-barcelona\/\" \/>\n<meta property=\"og:site_name\" content=\"Bridge4Mobility\" \/>\n<meta property=\"article:published_time\" content=\"2024-01-22T11:53:19+00:00\" \/>\n<meta property=\"article:modified_time\" content=\"2024-01-22T12:00:15+00:00\" \/>\n<meta name=\"author\" content=\"Manfred Bauer\" \/>\n<meta name=\"twitter:label1\" content=\"Verfasst von\" \/>\n\t<meta name=\"twitter:data1\" content=\"Manfred Bauer\" \/>\n\t<meta name=\"twitter:label2\" content=\"Gesch\u00e4tzte Lesezeit\" \/>\n\t<meta name=\"twitter:data2\" content=\"1 Minute\" \/>\n<script type=\"application\/ld+json\" class=\"yoast-schema-graph\">{\"@context\":\"https:\/\/schema.org\",\"@graph\":[{\"@type\":\"WebPage\",\"@id\":\"https:\/\/www.bridge4mobility.com\/de\/manfred-bauer-vertritt-b4m-beim-neujahrsempfang-der-ahk-in-barcelona\/\",\"url\":\"https:\/\/www.bridge4mobility.com\/de\/manfred-bauer-vertritt-b4m-beim-neujahrsempfang-der-ahk-in-barcelona\/\",\"name\":\"Manfred Bauer vertritt B4M beim Neujahrsempfang der AHK in Barcelona - Bridge4Mobility\",\"isPartOf\":{\"@id\":\"https:\/\/www.bridge4mobility.com\/de\/#website\"},\"datePublished\":\"2024-01-22T11:53:19+00:00\",\"dateModified\":\"2024-01-22T12:00:15+00:00\",\"author\":{\"@id\":\"https:\/\/www.bridge4mobility.com\/de\/#\/schema\/person\/9c0e205bca6301b7317260766e1e1a90\"},\"breadcrumb\":{\"@id\":\"https:\/\/www.bridge4mobility.com\/de\/manfred-bauer-vertritt-b4m-beim-neujahrsempfang-der-ahk-in-barcelona\/#breadcrumb\"},\"inLanguage\":\"de-DE\",\"potentialAction\":[{\"@type\":\"ReadAction\",\"target\":[\"https:\/\/www.bridge4mobility.com\/de\/manfred-bauer-vertritt-b4m-beim-neujahrsempfang-der-ahk-in-barcelona\/\"]}]},{\"@type\":\"BreadcrumbList\",\"@id\":\"https:\/\/www.bridge4mobility.com\/de\/manfred-bauer-vertritt-b4m-beim-neujahrsempfang-der-ahk-in-barcelona\/#breadcrumb\",\"itemListElement\":[{\"@type\":\"ListItem\",\"position\":1,\"name\":\"Home\",\"item\":\"https:\/\/www.bridge4mobility.com\/de\/\"},{\"@type\":\"ListItem\",\"position\":2,\"name\":\"Manfred Bauer vertritt B4M beim Neujahrsempfang der AHK in Barcelona\"}]},{\"@type\":\"WebSite\",\"@id\":\"https:\/\/www.bridge4mobility.com\/de\/#website\",\"url\":\"https:\/\/www.bridge4mobility.com\/de\/\",\"name\":\"Bridge4Mobility\",\"description\":\"Qualifizierte Fachkr\u00e4fte aus Spanien\",\"potentialAction\":[{\"@type\":\"SearchAction\",\"target\":{\"@type\":\"EntryPoint\",\"urlTemplate\":\"https:\/\/www.bridge4mobility.com\/de\/?s={search_term_string}\"},\"query-input\":\"required name=search_term_string\"}],\"inLanguage\":\"de-DE\"},{\"@type\":\"Person\",\"@id\":\"https:\/\/www.bridge4mobility.com\/de\/#\/schema\/person\/9c0e205bca6301b7317260766e1e1a90\",\"name\":\"Manfred Bauer\",\"image\":{\"@type\":\"ImageObject\",\"inLanguage\":\"de-DE\",\"@id\":\"https:\/\/www.bridge4mobility.com\/de\/#\/schema\/person\/image\/\",\"url\":\"https:\/\/www.bridge4mobility.com\/wp-content\/uploads\/letter-avatar\/21ffd96a16a50f39cc0ddb1022faf668.svg\",\"contentUrl\":\"https:\/\/www.bridge4mobility.com\/wp-content\/uploads\/letter-avatar\/21ffd96a16a50f39cc0ddb1022faf668.svg\",\"caption\":\"Manfred Bauer\"},\"url\":\"https:\/\/www.bridge4mobility.com\/de\/author\/m-bauer\/\"}]}<\/script>\n<!-- \/ Yoast SEO plugin. -->","yoast_head_json":{"title":"Manfred Bauer vertritt B4M beim Neujahrsempfang der AHK in Barcelona - Bridge4Mobility","robots":{"index":"index","follow":"follow","max-snippet":"max-snippet:-1","max-image-preview":"max-image-preview:large","max-video-preview":"max-video-preview:-1"},"canonical":"https:\/\/www.bridge4mobility.com\/de\/manfred-bauer-vertritt-b4m-beim-neujahrsempfang-der-ahk-in-barcelona\/","og_locale":"de_DE","og_type":"article","og_title":"Manfred Bauer vertritt B4M beim Neujahrsempfang der AHK in Barcelona - Bridge4Mobility","og_description":"Unser COO, Manfred Bauer, hat Bridge4Mobility beim diesj\u00e4hrigen Neujahrsempfang der AHK am 18.1.24 in Barcelona vertreten. Das Motto der AHK f\u00fcr dieses Jahr heisst Fachkr\u00e4fte, Ausbildung, Arbeitsmarkt. Dass sind genau die Themen, die Bridge4Mobility erfolgreich seit 2014 insofern bearbeitet, dass deutsche und \u00f6sterreichische Betriebe in der Industrie und Pflege bei der Auslandsrekrutierung und sprachlichen sowie","og_url":"https:\/\/www.bridge4mobility.com\/de\/manfred-bauer-vertritt-b4m-beim-neujahrsempfang-der-ahk-in-barcelona\/","og_site_name":"Bridge4Mobility","article_published_time":"2024-01-22T11:53:19+00:00","article_modified_time":"2024-01-22T12:00:15+00:00","author":"Manfred Bauer","twitter_misc":{"Verfasst von":"Manfred Bauer","Gesch\u00e4tzte Lesezeit":"1 Minute"},"schema":{"@context":"https:\/\/schema.org","@graph":[{"@type":"WebPage","@id":"https:\/\/www.bridge4mobility.com\/de\/manfred-bauer-vertritt-b4m-beim-neujahrsempfang-der-ahk-in-barcelona\/","url":"https:\/\/www.bridge4mobility.com\/de\/manfred-bauer-vertritt-b4m-beim-neujahrsempfang-der-ahk-in-barcelona\/","name":"Manfred Bauer vertritt B4M beim Neujahrsempfang der AHK in Barcelona - Bridge4Mobility","isPartOf":{"@id":"https:\/\/www.bridge4mobility.com\/de\/#website"},"datePublished":"2024-01-22T11:53:19+00:00","dateModified":"2024-01-22T12:00:15+00:00","author":{"@id":"https:\/\/www.bridge4mobility.com\/de\/#\/schema\/person\/9c0e205bca6301b7317260766e1e1a90"},"breadcrumb":{"@id":"https:\/\/www.bridge4mobility.com\/de\/manfred-bauer-vertritt-b4m-beim-neujahrsempfang-der-ahk-in-barcelona\/#breadcrumb"},"inLanguage":"de-DE","potentialAction":[{"@type":"ReadAction","target":["https:\/\/www.bridge4mobility.com\/de\/manfred-bauer-vertritt-b4m-beim-neujahrsempfang-der-ahk-in-barcelona\/"]}]},{"@type":"BreadcrumbList","@id":"https:\/\/www.bridge4mobility.com\/de\/manfred-bauer-vertritt-b4m-beim-neujahrsempfang-der-ahk-in-barcelona\/#breadcrumb","itemListElement":[{"@type":"ListItem","position":1,"name":"Home","item":"https:\/\/www.bridge4mobility.com\/de\/"},{"@type":"ListItem","position":2,"name":"Manfred Bauer vertritt B4M beim Neujahrsempfang der AHK in Barcelona"}]},{"@type":"WebSite","@id":"https:\/\/www.bridge4mobility.com\/de\/#website","url":"https:\/\/www.bridge4mobility.com\/de\/","name":"Bridge4Mobility","description":"Qualifizierte Fachkr\u00e4fte aus Spanien","potentialAction":[{"@type":"SearchAction","target":{"@type":"EntryPoint","urlTemplate":"https:\/\/www.bridge4mobility.com\/de\/?s={search_term_string}"},"query-input":"required name=search_term_string"}],"inLanguage":"de-DE"},{"@type":"Person","@id":"https:\/\/www.bridge4mobility.com\/de\/#\/schema\/person\/9c0e205bca6301b7317260766e1e1a90","name":"Manfred Bauer","image":{"@type":"ImageObject","inLanguage":"de-DE","@id":"https:\/\/www.bridge4mobility.com\/de\/#\/schema\/person\/image\/","url":"https:\/\/www.bridge4mobility.com\/wp-content\/uploads\/letter-avatar\/21ffd96a16a50f39cc0ddb1022faf668.svg","contentUrl":"https:\/\/www.bridge4mobility.com\/wp-content\/uploads\/letter-avatar\/21ffd96a16a50f39cc0ddb1022faf668.svg","caption":"Manfred Bauer"},"url":"https:\/\/www.bridge4mobility.com\/de\/author\/m-bauer\/"}]}},"_links":{"self":[{"href":"https:\/\/www.bridge4mobility.com\/de\/wp-json\/wp\/v2\/posts\/12337"}],"collection":[{"href":"https:\/\/www.bridge4mobility.com\/de\/wp-json\/wp\/v2\/posts"}],"about":[{"href":"https:\/\/www.bridge4mobility.com\/de\/wp-json\/wp\/v2\/types\/post"}],"author":[{"embeddable":true,"href":"https:\/\/www.bridge4mobility.com\/de\/wp-json\/wp\/v2\/users\/2529"}],"replies":[{"embeddable":true,"href":"https:\/\/www.bridge4mobility.com\/de\/wp-json\/wp\/v2\/comments?post=12337"}],"version-history":[{"count":3,"href":"https:\/\/www.bridge4mobility.com\/de\/wp-json\/wp\/v2\/posts\/12337\/revisions"}],"predecessor-version":[{"id":12344,"href":"https:\/\/www.bridge4mobility.com\/de\/wp-json\/wp\/v2\/posts\/12337\/revisions\/12344"}],"wp:featuredmedia":[{"embeddable":true,"href":"https:\/\/www.bridge4mobility.com\/de\/wp-json\/wp\/v2\/media\/12339"}],"wp:attachment":[{"href":"https:\/\/www.bridge4mobility.com\/de\/wp-json\/wp\/v2\/media?parent=12337"}],"wp:term":[{"taxonomy":"category","embeddable":true,"href":"https:\/\/www.bridge4mobility.com\/de\/wp-json\/wp\/v2\/categories?post=12337"},{"taxonomy":"post_tag","embeddable":true,"href":"https:\/\/www.bridge4mobility.com\/de\/wp-json\/wp\/v2\/tags?post=12337"}],"curies":[{"name":"wp","href":"https:\/\/api.w.org\/{rel}","templated":true}]}}