{"id":12231,"date":"2023-10-26T09:24:21","date_gmt":"2023-10-26T07:24:21","guid":{"rendered":"https:\/\/www.bridge4mobility.com\/?p=12231"},"modified":"2023-10-26T09:24:21","modified_gmt":"2023-10-26T07:24:21","slug":"b4m-9-jahre-alt","status":"publish","type":"post","link":"https:\/\/www.bridge4mobility.com\/de\/b4m-9-jahre-alt\/","title":{"rendered":"B4M wird 9 Jahre alt!"},"content":{"rendered":"<p>Schon wieder ist ein Jahr vergangen. B4M feiert erneut Geburtstag. Nun schon den neunten !<\/p>\n<p>Dieses Jahr war wieder voll von neuen Projekten, die es rund 200 Teilnehmern erm\u00f6glicht haben, ihr Ziel, in Deutschland oder \u00d6sterreich sich ausbilden zu lassen oder zu arbeiten, zu erreichen.<\/p>\n<p>Sowohl dank Programmen, unterst\u00fctzt von der katalanischen Arbeitsbeh\u00f6rde, wie anderer Projekte, durchgef\u00fchrt von B4M,\u00a0 haben viele \u00f6sterreichische und deutsche Unternehmen neue Mitarbeiter mit spanischer oder kolumbianischer Staatsangeh\u00f6rigkeit einstellen k\u00f6nnen.<\/p>\n<p>Hinter uns liegt ein weiteres Jahr voller Herausforderungen, mit vielen Stunden Deutschunterricht, Pr\u00fcfungsstress, Betreuungsgespr\u00e4chen, Interviews, Firmenbesuchen etc.\u00a0 f\u00fcr die Teilnehmer. Kandidaten und einer Menge Motivation und Eifer, einen neuen Abschnitt in einem anderen Land zu beginnen.<\/p>\n<p>Jetzt geht es darum, in 2024 unser erstes Jahrzehnt des Bestehens von B4M mit vielen weiteren Projekten, motivierten Kandidaten und zufriedenen Firmenkunden zu erreichen!<\/p>\n","protected":false},"excerpt":{"rendered":"<p>Schon wieder ist ein Jahr vergangen. B4M feiert erneut Geburtstag. Nun schon den neunten ! Dieses Jahr war wieder voll von neuen Projekten, die es rund 200 Teilnehmern erm\u00f6glicht haben, ihr Ziel, in Deutschland oder \u00d6sterreich sich ausbilden zu lassen oder zu arbeiten, zu erreichen. Sowohl dank Programmen, unterst\u00fctzt von der katalanischen Arbeitsbeh\u00f6rde, wie anderer<\/p>\n","protected":false},"author":1715,"featured_media":12228,"comment_status":"closed","ping_status":"closed","sticky":false,"template":"","format":"standard","meta":[],"categories":[6],"tags":[],"yoast_head":"<!-- This site is optimized with the Yoast SEO plugin v19.13 - https:\/\/yoast.com\/wordpress\/plugins\/seo\/ -->\n<title>B4M wird 9 Jahre alt! - Bridge4Mobility<\/title>\n<meta name=\"robots\" content=\"index, follow, max-snippet:-1, max-image-preview:large, max-video-preview:-1\" \/>\n<link rel=\"canonical\" href=\"https:\/\/www.bridge4mobility.com\/de\/b4m-9-jahre-alt\/\" \/>\n<meta property=\"og:locale\" content=\"de_DE\" \/>\n<meta property=\"og:type\" content=\"article\" \/>\n<meta property=\"og:title\" content=\"B4M wird 9 Jahre alt! - Bridge4Mobility\" \/>\n<meta property=\"og:description\" content=\"Schon wieder ist ein Jahr vergangen. B4M feiert erneut Geburtstag. Nun schon den neunten ! Dieses Jahr war wieder voll von neuen Projekten, die es rund 200 Teilnehmern erm\u00f6glicht haben, ihr Ziel, in Deutschland oder \u00d6sterreich sich ausbilden zu lassen oder zu arbeiten, zu erreichen. Sowohl dank Programmen, unterst\u00fctzt von der katalanischen Arbeitsbeh\u00f6rde, wie anderer\" \/>\n<meta property=\"og:url\" content=\"https:\/\/www.bridge4mobility.com\/de\/b4m-9-jahre-alt\/\" \/>\n<meta property=\"og:site_name\" content=\"Bridge4Mobility\" \/>\n<meta property=\"article:published_time\" content=\"2023-10-26T07:24:21+00:00\" \/>\n<meta name=\"author\" content=\"Rosa Sanchez\" \/>\n<meta name=\"twitter:label1\" content=\"Verfasst von\" \/>\n\t<meta name=\"twitter:data1\" content=\"Rosa Sanchez\" \/>\n\t<meta name=\"twitter:label2\" content=\"Gesch\u00e4tzte Lesezeit\" \/>\n\t<meta name=\"twitter:data2\" content=\"1 Minute\" \/>\n<script type=\"application\/ld+json\" class=\"yoast-schema-graph\">{\"@context\":\"https:\/\/schema.org\",\"@graph\":[{\"@type\":\"WebPage\",\"@id\":\"https:\/\/www.bridge4mobility.com\/de\/b4m-9-jahre-alt\/\",\"url\":\"https:\/\/www.bridge4mobility.com\/de\/b4m-9-jahre-alt\/\",\"name\":\"B4M wird 9 Jahre alt! - Bridge4Mobility\",\"isPartOf\":{\"@id\":\"https:\/\/www.bridge4mobility.com\/de\/#website\"},\"datePublished\":\"2023-10-26T07:24:21+00:00\",\"dateModified\":\"2023-10-26T07:24:21+00:00\",\"author\":{\"@id\":\"https:\/\/www.bridge4mobility.com\/de\/#\/schema\/person\/d8a8f2ef67df38ba2912abac766e53db\"},\"breadcrumb\":{\"@id\":\"https:\/\/www.bridge4mobility.com\/de\/b4m-9-jahre-alt\/#breadcrumb\"},\"inLanguage\":\"de-DE\",\"potentialAction\":[{\"@type\":\"ReadAction\",\"target\":[\"https:\/\/www.bridge4mobility.com\/de\/b4m-9-jahre-alt\/\"]}]},{\"@type\":\"BreadcrumbList\",\"@id\":\"https:\/\/www.bridge4mobility.com\/de\/b4m-9-jahre-alt\/#breadcrumb\",\"itemListElement\":[{\"@type\":\"ListItem\",\"position\":1,\"name\":\"Home\",\"item\":\"https:\/\/www.bridge4mobility.com\/de\/\"},{\"@type\":\"ListItem\",\"position\":2,\"name\":\"B4M wird 9 Jahre alt!\"}]},{\"@type\":\"WebSite\",\"@id\":\"https:\/\/www.bridge4mobility.com\/de\/#website\",\"url\":\"https:\/\/www.bridge4mobility.com\/de\/\",\"name\":\"Bridge4Mobility\",\"description\":\"Qualifizierte Fachkr\u00e4fte aus Spanien\",\"potentialAction\":[{\"@type\":\"SearchAction\",\"target\":{\"@type\":\"EntryPoint\",\"urlTemplate\":\"https:\/\/www.bridge4mobility.com\/de\/?s={search_term_string}\"},\"query-input\":\"required name=search_term_string\"}],\"inLanguage\":\"de-DE\"},{\"@type\":\"Person\",\"@id\":\"https:\/\/www.bridge4mobility.com\/de\/#\/schema\/person\/d8a8f2ef67df38ba2912abac766e53db\",\"name\":\"Rosa Sanchez\",\"image\":{\"@type\":\"ImageObject\",\"inLanguage\":\"de-DE\",\"@id\":\"https:\/\/www.bridge4mobility.com\/de\/#\/schema\/person\/image\/\",\"url\":\"https:\/\/www.bridge4mobility.com\/wp-content\/uploads\/letter-avatar\/ad15267741798dfac018169b3c617ba0.svg\",\"contentUrl\":\"https:\/\/www.bridge4mobility.com\/wp-content\/uploads\/letter-avatar\/ad15267741798dfac018169b3c617ba0.svg\",\"caption\":\"Rosa Sanchez\"},\"url\":\"https:\/\/www.bridge4mobility.com\/de\/author\/r-sanchez\/\"}]}<\/script>\n<!-- \/ Yoast SEO plugin. -->","yoast_head_json":{"title":"B4M wird 9 Jahre alt! - Bridge4Mobility","robots":{"index":"index","follow":"follow","max-snippet":"max-snippet:-1","max-image-preview":"max-image-preview:large","max-video-preview":"max-video-preview:-1"},"canonical":"https:\/\/www.bridge4mobility.com\/de\/b4m-9-jahre-alt\/","og_locale":"de_DE","og_type":"article","og_title":"B4M wird 9 Jahre alt! - Bridge4Mobility","og_description":"Schon wieder ist ein Jahr vergangen. B4M feiert erneut Geburtstag. Nun schon den neunten ! Dieses Jahr war wieder voll von neuen Projekten, die es rund 200 Teilnehmern erm\u00f6glicht haben, ihr Ziel, in Deutschland oder \u00d6sterreich sich ausbilden zu lassen oder zu arbeiten, zu erreichen. Sowohl dank Programmen, unterst\u00fctzt von der katalanischen Arbeitsbeh\u00f6rde, wie anderer","og_url":"https:\/\/www.bridge4mobility.com\/de\/b4m-9-jahre-alt\/","og_site_name":"Bridge4Mobility","article_published_time":"2023-10-26T07:24:21+00:00","author":"Rosa Sanchez","twitter_misc":{"Verfasst von":"Rosa Sanchez","Gesch\u00e4tzte Lesezeit":"1 Minute"},"schema":{"@context":"https:\/\/schema.org","@graph":[{"@type":"WebPage","@id":"https:\/\/www.bridge4mobility.com\/de\/b4m-9-jahre-alt\/","url":"https:\/\/www.bridge4mobility.com\/de\/b4m-9-jahre-alt\/","name":"B4M wird 9 Jahre alt! - Bridge4Mobility","isPartOf":{"@id":"https:\/\/www.bridge4mobility.com\/de\/#website"},"datePublished":"2023-10-26T07:24:21+00:00","dateModified":"2023-10-26T07:24:21+00:00","author":{"@id":"https:\/\/www.bridge4mobility.com\/de\/#\/schema\/person\/d8a8f2ef67df38ba2912abac766e53db"},"breadcrumb":{"@id":"https:\/\/www.bridge4mobility.com\/de\/b4m-9-jahre-alt\/#breadcrumb"},"inLanguage":"de-DE","potentialAction":[{"@type":"ReadAction","target":["https:\/\/www.bridge4mobility.com\/de\/b4m-9-jahre-alt\/"]}]},{"@type":"BreadcrumbList","@id":"https:\/\/www.bridge4mobility.com\/de\/b4m-9-jahre-alt\/#breadcrumb","itemListElement":[{"@type":"ListItem","position":1,"name":"Home","item":"https:\/\/www.bridge4mobility.com\/de\/"},{"@type":"ListItem","position":2,"name":"B4M wird 9 Jahre alt!"}]},{"@type":"WebSite","@id":"https:\/\/www.bridge4mobility.com\/de\/#website","url":"https:\/\/www.bridge4mobility.com\/de\/","name":"Bridge4Mobility","description":"Qualifizierte Fachkr\u00e4fte aus Spanien","potentialAction":[{"@type":"SearchAction","target":{"@type":"EntryPoint","urlTemplate":"https:\/\/www.bridge4mobility.com\/de\/?s={search_term_string}"},"query-input":"required name=search_term_string"}],"inLanguage":"de-DE"},{"@type":"Person","@id":"https:\/\/www.bridge4mobility.com\/de\/#\/schema\/person\/d8a8f2ef67df38ba2912abac766e53db","name":"Rosa Sanchez","image":{"@type":"ImageObject","inLanguage":"de-DE","@id":"https:\/\/www.bridge4mobility.com\/de\/#\/schema\/person\/image\/","url":"https:\/\/www.bridge4mobility.com\/wp-content\/uploads\/letter-avatar\/ad15267741798dfac018169b3c617ba0.svg","contentUrl":"https:\/\/www.bridge4mobility.com\/wp-content\/uploads\/letter-avatar\/ad15267741798dfac018169b3c617ba0.svg","caption":"Rosa Sanchez"},"url":"https:\/\/www.bridge4mobility.com\/de\/author\/r-sanchez\/"}]}},"_links":{"self":[{"href":"https:\/\/www.bridge4mobility.com\/de\/wp-json\/wp\/v2\/posts\/12231"}],"collection":[{"href":"https:\/\/www.bridge4mobility.com\/de\/wp-json\/wp\/v2\/posts"}],"about":[{"href":"https:\/\/www.bridge4mobility.com\/de\/wp-json\/wp\/v2\/types\/post"}],"author":[{"embeddable":true,"href":"https:\/\/www.bridge4mobility.com\/de\/wp-json\/wp\/v2\/users\/1715"}],"replies":[{"embeddable":true,"href":"https:\/\/www.bridge4mobility.com\/de\/wp-json\/wp\/v2\/comments?post=12231"}],"version-history":[{"count":3,"href":"https:\/\/www.bridge4mobility.com\/de\/wp-json\/wp\/v2\/posts\/12231\/revisions"}],"predecessor-version":[{"id":12235,"href":"https:\/\/www.bridge4mobility.com\/de\/wp-json\/wp\/v2\/posts\/12231\/revisions\/12235"}],"wp:featuredmedia":[{"embeddable":true,"href":"https:\/\/www.bridge4mobility.com\/de\/wp-json\/wp\/v2\/media\/12228"}],"wp:attachment":[{"href":"https:\/\/www.bridge4mobility.com\/de\/wp-json\/wp\/v2\/media?parent=12231"}],"wp:term":[{"taxonomy":"category","embeddable":true,"href":"https:\/\/www.bridge4mobility.com\/de\/wp-json\/wp\/v2\/categories?post=12231"},{"taxonomy":"post_tag","embeddable":true,"href":"https:\/\/www.bridge4mobility.com\/de\/wp-json\/wp\/v2\/tags?post=12231"}],"curies":[{"name":"wp","href":"https:\/\/api.w.org\/{rel}","templated":true}]}}