{"id":12034,"date":"2023-02-17T08:52:16","date_gmt":"2023-02-17T07:52:16","guid":{"rendered":"https:\/\/www.bridge4mobility.com\/?p=12034"},"modified":"2023-02-17T08:52:16","modified_gmt":"2023-02-17T07:52:16","slug":"willkommen-im-b4m-team-carlos","status":"publish","type":"post","link":"https:\/\/www.bridge4mobility.com\/de\/willkommen-im-b4m-team-carlos\/","title":{"rendered":"Willkommen im B4M Team Carlos !"},"content":{"rendered":"<p>Carlos Cevallos verst\u00e4rkt nun unser Team als Betreuer\/Berater f\u00fcr AZUBI-Anw\u00e4rter und Anlernkr\u00e4fte aus Spanien, die in Deutschland oder \u00d6sterreich eine berufliche Zukunft suchen. Carlos hat einen Universit\u00e4tsabschluss als P\u00e4dagoge und zwei Ausbildungen im Bereich IT Systeme und Applikationen. Willkommen und viel Erfolg Carlos !<\/p>\n","protected":false},"excerpt":{"rendered":"<p>Carlos Cevallos verst\u00e4rkt nun unser Team als Betreuer\/Berater f\u00fcr AZUBI-Anw\u00e4rter und Anlernkr\u00e4fte aus Spanien, die in Deutschland oder \u00d6sterreich eine berufliche Zukunft suchen. Carlos hat einen Universit\u00e4tsabschluss als P\u00e4dagoge und zwei Ausbildungen im Bereich IT Systeme und Applikationen. Willkommen und viel Erfolg Carlos !<\/p>\n","protected":false},"author":2529,"featured_media":12032,"comment_status":"closed","ping_status":"closed","sticky":false,"template":"","format":"standard","meta":[],"categories":[13],"tags":[],"yoast_head":"<!-- This site is optimized with the Yoast SEO plugin v19.13 - https:\/\/yoast.com\/wordpress\/plugins\/seo\/ -->\n<title>Willkommen im B4M Team Carlos ! - Bridge4Mobility<\/title>\n<meta name=\"robots\" content=\"index, follow, max-snippet:-1, max-image-preview:large, max-video-preview:-1\" \/>\n<link rel=\"canonical\" href=\"https:\/\/www.bridge4mobility.com\/de\/willkommen-im-b4m-team-carlos\/\" \/>\n<meta property=\"og:locale\" content=\"de_DE\" \/>\n<meta property=\"og:type\" content=\"article\" \/>\n<meta property=\"og:title\" content=\"Willkommen im B4M Team Carlos ! - Bridge4Mobility\" \/>\n<meta property=\"og:description\" content=\"Carlos Cevallos verst\u00e4rkt nun unser Team als Betreuer\/Berater f\u00fcr AZUBI-Anw\u00e4rter und Anlernkr\u00e4fte aus Spanien, die in Deutschland oder \u00d6sterreich eine berufliche Zukunft suchen. Carlos hat einen Universit\u00e4tsabschluss als P\u00e4dagoge und zwei Ausbildungen im Bereich IT Systeme und Applikationen. Willkommen und viel Erfolg Carlos !\" \/>\n<meta property=\"og:url\" content=\"https:\/\/www.bridge4mobility.com\/de\/willkommen-im-b4m-team-carlos\/\" \/>\n<meta property=\"og:site_name\" content=\"Bridge4Mobility\" \/>\n<meta property=\"article:published_time\" content=\"2023-02-17T07:52:16+00:00\" \/>\n<meta name=\"author\" content=\"Manfred Bauer\" \/>\n<meta name=\"twitter:label1\" content=\"Verfasst von\" \/>\n\t<meta name=\"twitter:data1\" content=\"Manfred Bauer\" \/>\n\t<meta name=\"twitter:label2\" content=\"Gesch\u00e4tzte Lesezeit\" \/>\n\t<meta name=\"twitter:data2\" content=\"1 Minute\" \/>\n<script type=\"application\/ld+json\" class=\"yoast-schema-graph\">{\"@context\":\"https:\/\/schema.org\",\"@graph\":[{\"@type\":\"WebPage\",\"@id\":\"https:\/\/www.bridge4mobility.com\/de\/willkommen-im-b4m-team-carlos\/\",\"url\":\"https:\/\/www.bridge4mobility.com\/de\/willkommen-im-b4m-team-carlos\/\",\"name\":\"Willkommen im B4M Team Carlos ! - Bridge4Mobility\",\"isPartOf\":{\"@id\":\"https:\/\/www.bridge4mobility.com\/de\/#website\"},\"datePublished\":\"2023-02-17T07:52:16+00:00\",\"dateModified\":\"2023-02-17T07:52:16+00:00\",\"author\":{\"@id\":\"https:\/\/www.bridge4mobility.com\/de\/#\/schema\/person\/9c0e205bca6301b7317260766e1e1a90\"},\"breadcrumb\":{\"@id\":\"https:\/\/www.bridge4mobility.com\/de\/willkommen-im-b4m-team-carlos\/#breadcrumb\"},\"inLanguage\":\"de-DE\",\"potentialAction\":[{\"@type\":\"ReadAction\",\"target\":[\"https:\/\/www.bridge4mobility.com\/de\/willkommen-im-b4m-team-carlos\/\"]}]},{\"@type\":\"BreadcrumbList\",\"@id\":\"https:\/\/www.bridge4mobility.com\/de\/willkommen-im-b4m-team-carlos\/#breadcrumb\",\"itemListElement\":[{\"@type\":\"ListItem\",\"position\":1,\"name\":\"Home\",\"item\":\"https:\/\/www.bridge4mobility.com\/de\/\"},{\"@type\":\"ListItem\",\"position\":2,\"name\":\"Willkommen im B4M Team Carlos !\"}]},{\"@type\":\"WebSite\",\"@id\":\"https:\/\/www.bridge4mobility.com\/de\/#website\",\"url\":\"https:\/\/www.bridge4mobility.com\/de\/\",\"name\":\"Bridge4Mobility\",\"description\":\"Qualifizierte Fachkr\u00e4fte aus Spanien\",\"potentialAction\":[{\"@type\":\"SearchAction\",\"target\":{\"@type\":\"EntryPoint\",\"urlTemplate\":\"https:\/\/www.bridge4mobility.com\/de\/?s={search_term_string}\"},\"query-input\":\"required name=search_term_string\"}],\"inLanguage\":\"de-DE\"},{\"@type\":\"Person\",\"@id\":\"https:\/\/www.bridge4mobility.com\/de\/#\/schema\/person\/9c0e205bca6301b7317260766e1e1a90\",\"name\":\"Manfred Bauer\",\"image\":{\"@type\":\"ImageObject\",\"inLanguage\":\"de-DE\",\"@id\":\"https:\/\/www.bridge4mobility.com\/de\/#\/schema\/person\/image\/\",\"url\":\"https:\/\/www.bridge4mobility.com\/wp-content\/uploads\/letter-avatar\/21ffd96a16a50f39cc0ddb1022faf668.svg\",\"contentUrl\":\"https:\/\/www.bridge4mobility.com\/wp-content\/uploads\/letter-avatar\/21ffd96a16a50f39cc0ddb1022faf668.svg\",\"caption\":\"Manfred Bauer\"},\"url\":\"https:\/\/www.bridge4mobility.com\/de\/author\/m-bauer\/\"}]}<\/script>\n<!-- \/ Yoast SEO plugin. -->","yoast_head_json":{"title":"Willkommen im B4M Team Carlos ! - Bridge4Mobility","robots":{"index":"index","follow":"follow","max-snippet":"max-snippet:-1","max-image-preview":"max-image-preview:large","max-video-preview":"max-video-preview:-1"},"canonical":"https:\/\/www.bridge4mobility.com\/de\/willkommen-im-b4m-team-carlos\/","og_locale":"de_DE","og_type":"article","og_title":"Willkommen im B4M Team Carlos ! - Bridge4Mobility","og_description":"Carlos Cevallos verst\u00e4rkt nun unser Team als Betreuer\/Berater f\u00fcr AZUBI-Anw\u00e4rter und Anlernkr\u00e4fte aus Spanien, die in Deutschland oder \u00d6sterreich eine berufliche Zukunft suchen. Carlos hat einen Universit\u00e4tsabschluss als P\u00e4dagoge und zwei Ausbildungen im Bereich IT Systeme und Applikationen. Willkommen und viel Erfolg Carlos !","og_url":"https:\/\/www.bridge4mobility.com\/de\/willkommen-im-b4m-team-carlos\/","og_site_name":"Bridge4Mobility","article_published_time":"2023-02-17T07:52:16+00:00","author":"Manfred Bauer","twitter_misc":{"Verfasst von":"Manfred Bauer","Gesch\u00e4tzte Lesezeit":"1 Minute"},"schema":{"@context":"https:\/\/schema.org","@graph":[{"@type":"WebPage","@id":"https:\/\/www.bridge4mobility.com\/de\/willkommen-im-b4m-team-carlos\/","url":"https:\/\/www.bridge4mobility.com\/de\/willkommen-im-b4m-team-carlos\/","name":"Willkommen im B4M Team Carlos ! - Bridge4Mobility","isPartOf":{"@id":"https:\/\/www.bridge4mobility.com\/de\/#website"},"datePublished":"2023-02-17T07:52:16+00:00","dateModified":"2023-02-17T07:52:16+00:00","author":{"@id":"https:\/\/www.bridge4mobility.com\/de\/#\/schema\/person\/9c0e205bca6301b7317260766e1e1a90"},"breadcrumb":{"@id":"https:\/\/www.bridge4mobility.com\/de\/willkommen-im-b4m-team-carlos\/#breadcrumb"},"inLanguage":"de-DE","potentialAction":[{"@type":"ReadAction","target":["https:\/\/www.bridge4mobility.com\/de\/willkommen-im-b4m-team-carlos\/"]}]},{"@type":"BreadcrumbList","@id":"https:\/\/www.bridge4mobility.com\/de\/willkommen-im-b4m-team-carlos\/#breadcrumb","itemListElement":[{"@type":"ListItem","position":1,"name":"Home","item":"https:\/\/www.bridge4mobility.com\/de\/"},{"@type":"ListItem","position":2,"name":"Willkommen im B4M Team Carlos !"}]},{"@type":"WebSite","@id":"https:\/\/www.bridge4mobility.com\/de\/#website","url":"https:\/\/www.bridge4mobility.com\/de\/","name":"Bridge4Mobility","description":"Qualifizierte Fachkr\u00e4fte aus Spanien","potentialAction":[{"@type":"SearchAction","target":{"@type":"EntryPoint","urlTemplate":"https:\/\/www.bridge4mobility.com\/de\/?s={search_term_string}"},"query-input":"required name=search_term_string"}],"inLanguage":"de-DE"},{"@type":"Person","@id":"https:\/\/www.bridge4mobility.com\/de\/#\/schema\/person\/9c0e205bca6301b7317260766e1e1a90","name":"Manfred Bauer","image":{"@type":"ImageObject","inLanguage":"de-DE","@id":"https:\/\/www.bridge4mobility.com\/de\/#\/schema\/person\/image\/","url":"https:\/\/www.bridge4mobility.com\/wp-content\/uploads\/letter-avatar\/21ffd96a16a50f39cc0ddb1022faf668.svg","contentUrl":"https:\/\/www.bridge4mobility.com\/wp-content\/uploads\/letter-avatar\/21ffd96a16a50f39cc0ddb1022faf668.svg","caption":"Manfred Bauer"},"url":"https:\/\/www.bridge4mobility.com\/de\/author\/m-bauer\/"}]}},"_links":{"self":[{"href":"https:\/\/www.bridge4mobility.com\/de\/wp-json\/wp\/v2\/posts\/12034"}],"collection":[{"href":"https:\/\/www.bridge4mobility.com\/de\/wp-json\/wp\/v2\/posts"}],"about":[{"href":"https:\/\/www.bridge4mobility.com\/de\/wp-json\/wp\/v2\/types\/post"}],"author":[{"embeddable":true,"href":"https:\/\/www.bridge4mobility.com\/de\/wp-json\/wp\/v2\/users\/2529"}],"replies":[{"embeddable":true,"href":"https:\/\/www.bridge4mobility.com\/de\/wp-json\/wp\/v2\/comments?post=12034"}],"version-history":[{"count":2,"href":"https:\/\/www.bridge4mobility.com\/de\/wp-json\/wp\/v2\/posts\/12034\/revisions"}],"predecessor-version":[{"id":12037,"href":"https:\/\/www.bridge4mobility.com\/de\/wp-json\/wp\/v2\/posts\/12034\/revisions\/12037"}],"wp:featuredmedia":[{"embeddable":true,"href":"https:\/\/www.bridge4mobility.com\/de\/wp-json\/wp\/v2\/media\/12032"}],"wp:attachment":[{"href":"https:\/\/www.bridge4mobility.com\/de\/wp-json\/wp\/v2\/media?parent=12034"}],"wp:term":[{"taxonomy":"category","embeddable":true,"href":"https:\/\/www.bridge4mobility.com\/de\/wp-json\/wp\/v2\/categories?post=12034"},{"taxonomy":"post_tag","embeddable":true,"href":"https:\/\/www.bridge4mobility.com\/de\/wp-json\/wp\/v2\/tags?post=12034"}],"curies":[{"name":"wp","href":"https:\/\/api.w.org\/{rel}","templated":true}]}}