{"id":8955,"date":"2019-05-10T09:14:47","date_gmt":"2019-05-10T07:14:47","guid":{"rendered":"https:\/\/www.bridge4mobility.com\/?p=8955"},"modified":"2019-05-13T10:27:25","modified_gmt":"2019-05-13T08:27:25","slug":"joves-enginyers-espanyols-a-makino-alemanya","status":"publish","type":"post","link":"https:\/\/www.bridge4mobility.com\/ca\/joves-enginyers-espanyols-a-makino-alemanya\/","title":{"rendered":"Joves enginyers espanyols a Makino (Alemanya)"},"content":{"rendered":"<p>En Diego i en Ra\u00fal s\u00f3n dos enginyers que al 2017 van realitzar un projecte amb Bridge4Mobility per a treballar a Alemanya. Fa poc vam contactar amb ells i aix\u00f2 \u00e9s el que ens han explicat!<\/p>\n<p>En Diego N. \u00e9s enginyer mec\u00e0nic i en Ra\u00fal A. \u00e9s enginyer el\u00e8ctric, els dos s\u00f3n de Barcelona. Durant el 2016 tots dos buscaven feina, cosa que no sempre \u00e9s f\u00e0cil per als joves enginyers amb talent i motivaci\u00f3 a Espanya.<\/p>\n<p>En aquell moment van trobar el projecte de mobilitat de Bridge4Mobility i s&#8217;hi van inscriure per a realitzar el curs intensiu d&#8217;alemany de 4 mesos per tal d&#8217;arribar al nivell B1 i al mateix temps, realitzaven sessions d&#8217;orientaci\u00f3 laboral i recolzament en la recerca de feina a Alemanya, impartides pel seu tutor.<\/p>\n<p>La filial alemanya del fabricant de m\u00e0quines i eines &#8220;Makino&#8221;, amb seu al Jap\u00f3, es va interessar pels seus perfils i els hi va donar l&#8217;oportunitat de formar part del seu grup de talents despr\u00e9s de realitzar una exitosa entrevista.<\/p>\n<p>Avui, despr\u00e9s de quasi dos anys i mig a Alemanya (a prop de Stuttgart), tots dos s&#8217;han desenvolupat molt b\u00e9 tant t\u00e8cnica com lling\u00fc\u00edsticament. En Diego ent\u00e9n i fins i tot parla una mica del dialecte de la zona. Ell va comen\u00e7ar al departament de ventes internes i ja ha impartit formaci\u00f3 a treballadors de tota Europa per a una nova eina.<\/p>\n<p>El lloc de feina de&#8217;n Ra\u00fa \u00e9s d&#8217;enginyer d&#8217;aplicacions, \u00e9s a dir, \u00e9s responsable de personalitzar les m\u00e0quines fabricades al Jap\u00f3 per als clients europeus. A m\u00e9s, tamb\u00e9 va estar aproximadament 2 mesos al Jap\u00f3 per a formar-se.<\/p>\n<p>Segons el responsable de RRHH, el Sr Emin Mehdiyev, aquests dos joves enginyers tamb\u00e9 han contribu\u00eft a canviar la manera de pensar dels gerents i treballadors m\u00e9s experts de l&#8217;empresa per tal de que siguin m\u00e9s oberts i positius de cara a aquests projectes.<\/p>\n<p>Makino est\u00e0 pensant en donar una oportunitat a m\u00e9s enginyers joves d&#8217;Espanya.<\/p>\n","protected":false},"excerpt":{"rendered":"<p>En Diego i en Ra\u00fal s\u00f3n dos enginyers que al 2017 van realitzar un projecte amb Bridge4Mobility per a treballar a Alemanya. Fa poc vam contactar amb ells i aix\u00f2 \u00e9s el que ens han explicat! En Diego N. \u00e9s enginyer mec\u00e0nic i en Ra\u00fal A. \u00e9s enginyer el\u00e8ctric, els dos s\u00f3n de Barcelona. Durant<\/p>\n","protected":false},"author":1715,"featured_media":8942,"comment_status":"closed","ping_status":"closed","sticky":false,"template":"","format":"standard","meta":[],"categories":[23,22],"tags":[41,53,55,54],"yoast_head":"<!-- This site is optimized with the Yoast SEO plugin v19.13 - https:\/\/yoast.com\/wordpress\/plugins\/seo\/ -->\n<title>Joves enginyers espanyols a Makino (Alemanya) - Bridge4Mobility<\/title>\n<meta name=\"robots\" content=\"index, follow, max-snippet:-1, max-image-preview:large, max-video-preview:-1\" \/>\n<link rel=\"canonical\" href=\"https:\/\/www.bridge4mobility.com\/ca\/joves-enginyers-espanyols-a-makino-alemanya\/\" \/>\n<meta property=\"og:locale\" content=\"ca_ES\" \/>\n<meta property=\"og:type\" content=\"article\" \/>\n<meta property=\"og:title\" content=\"Joves enginyers espanyols a Makino (Alemanya) - Bridge4Mobility\" \/>\n<meta property=\"og:description\" content=\"En Diego i en Ra\u00fal s\u00f3n dos enginyers que al 2017 van realitzar un projecte amb Bridge4Mobility per a treballar a Alemanya. Fa poc vam contactar amb ells i aix\u00f2 \u00e9s el que ens han explicat! En Diego N. \u00e9s enginyer mec\u00e0nic i en Ra\u00fal A. \u00e9s enginyer el\u00e8ctric, els dos s\u00f3n de Barcelona. Durant\" \/>\n<meta property=\"og:url\" content=\"https:\/\/www.bridge4mobility.com\/ca\/joves-enginyers-espanyols-a-makino-alemanya\/\" \/>\n<meta property=\"og:site_name\" content=\"Bridge4Mobility\" \/>\n<meta property=\"article:published_time\" content=\"2019-05-10T07:14:47+00:00\" \/>\n<meta property=\"article:modified_time\" content=\"2019-05-13T08:27:25+00:00\" \/>\n<meta property=\"og:image\" content=\"https:\/\/www.bridge4mobility.com\/wp-content\/uploads\/makino.jpg\" \/>\n\t<meta property=\"og:image:width\" content=\"1539\" \/>\n\t<meta property=\"og:image:height\" content=\"789\" \/>\n\t<meta property=\"og:image:type\" content=\"image\/jpeg\" \/>\n<meta name=\"author\" content=\"Rosa Sanchez\" \/>\n<meta name=\"twitter:label1\" content=\"Escrit per\" \/>\n\t<meta name=\"twitter:data1\" content=\"Rosa Sanchez\" \/>\n\t<meta name=\"twitter:label2\" content=\"Temps estimat de lectura\" \/>\n\t<meta name=\"twitter:data2\" content=\"2 minuts\" \/>\n<script type=\"application\/ld+json\" class=\"yoast-schema-graph\">{\"@context\":\"https:\/\/schema.org\",\"@graph\":[{\"@type\":\"WebPage\",\"@id\":\"https:\/\/www.bridge4mobility.com\/ca\/joves-enginyers-espanyols-a-makino-alemanya\/\",\"url\":\"https:\/\/www.bridge4mobility.com\/ca\/joves-enginyers-espanyols-a-makino-alemanya\/\",\"name\":\"Joves enginyers espanyols a Makino (Alemanya) - Bridge4Mobility\",\"isPartOf\":{\"@id\":\"https:\/\/www.bridge4mobility.com\/de\/#website\"},\"datePublished\":\"2019-05-10T07:14:47+00:00\",\"dateModified\":\"2019-05-13T08:27:25+00:00\",\"author\":{\"@id\":\"https:\/\/www.bridge4mobility.com\/de\/#\/schema\/person\/d8a8f2ef67df38ba2912abac766e53db\"},\"breadcrumb\":{\"@id\":\"https:\/\/www.bridge4mobility.com\/ca\/joves-enginyers-espanyols-a-makino-alemanya\/#breadcrumb\"},\"inLanguage\":\"ca\",\"potentialAction\":[{\"@type\":\"ReadAction\",\"target\":[\"https:\/\/www.bridge4mobility.com\/ca\/joves-enginyers-espanyols-a-makino-alemanya\/\"]}]},{\"@type\":\"BreadcrumbList\",\"@id\":\"https:\/\/www.bridge4mobility.com\/ca\/joves-enginyers-espanyols-a-makino-alemanya\/#breadcrumb\",\"itemListElement\":[{\"@type\":\"ListItem\",\"position\":1,\"name\":\"Home\",\"item\":\"https:\/\/www.bridge4mobility.com\/ca\/\"},{\"@type\":\"ListItem\",\"position\":2,\"name\":\"Joves enginyers espanyols a Makino (Alemanya)\"}]},{\"@type\":\"WebSite\",\"@id\":\"https:\/\/www.bridge4mobility.com\/de\/#website\",\"url\":\"https:\/\/www.bridge4mobility.com\/de\/\",\"name\":\"Bridge4Mobility\",\"description\":\"Qualifizierte Fachkr\u00e4fte aus Spanien\",\"potentialAction\":[{\"@type\":\"SearchAction\",\"target\":{\"@type\":\"EntryPoint\",\"urlTemplate\":\"https:\/\/www.bridge4mobility.com\/de\/?s={search_term_string}\"},\"query-input\":\"required name=search_term_string\"}],\"inLanguage\":\"ca\"},{\"@type\":\"Person\",\"@id\":\"https:\/\/www.bridge4mobility.com\/de\/#\/schema\/person\/d8a8f2ef67df38ba2912abac766e53db\",\"name\":\"Rosa Sanchez\",\"image\":{\"@type\":\"ImageObject\",\"inLanguage\":\"ca\",\"@id\":\"https:\/\/www.bridge4mobility.com\/de\/#\/schema\/person\/image\/\",\"url\":\"https:\/\/www.bridge4mobility.com\/wp-content\/uploads\/letter-avatar\/ad15267741798dfac018169b3c617ba0.svg\",\"contentUrl\":\"https:\/\/www.bridge4mobility.com\/wp-content\/uploads\/letter-avatar\/ad15267741798dfac018169b3c617ba0.svg\",\"caption\":\"Rosa Sanchez\"},\"url\":\"https:\/\/www.bridge4mobility.com\/ca\/author\/r-sanchez\/\"}]}<\/script>\n<!-- \/ Yoast SEO plugin. -->","yoast_head_json":{"title":"Joves enginyers espanyols a Makino (Alemanya) - Bridge4Mobility","robots":{"index":"index","follow":"follow","max-snippet":"max-snippet:-1","max-image-preview":"max-image-preview:large","max-video-preview":"max-video-preview:-1"},"canonical":"https:\/\/www.bridge4mobility.com\/ca\/joves-enginyers-espanyols-a-makino-alemanya\/","og_locale":"ca_ES","og_type":"article","og_title":"Joves enginyers espanyols a Makino (Alemanya) - Bridge4Mobility","og_description":"En Diego i en Ra\u00fal s\u00f3n dos enginyers que al 2017 van realitzar un projecte amb Bridge4Mobility per a treballar a Alemanya. Fa poc vam contactar amb ells i aix\u00f2 \u00e9s el que ens han explicat! En Diego N. \u00e9s enginyer mec\u00e0nic i en Ra\u00fal A. \u00e9s enginyer el\u00e8ctric, els dos s\u00f3n de Barcelona. Durant","og_url":"https:\/\/www.bridge4mobility.com\/ca\/joves-enginyers-espanyols-a-makino-alemanya\/","og_site_name":"Bridge4Mobility","article_published_time":"2019-05-10T07:14:47+00:00","article_modified_time":"2019-05-13T08:27:25+00:00","og_image":[{"width":1539,"height":789,"url":"https:\/\/www.bridge4mobility.com\/wp-content\/uploads\/makino.jpg","type":"image\/jpeg"}],"author":"Rosa Sanchez","twitter_misc":{"Escrit per":"Rosa Sanchez","Temps estimat de lectura":"2 minuts"},"schema":{"@context":"https:\/\/schema.org","@graph":[{"@type":"WebPage","@id":"https:\/\/www.bridge4mobility.com\/ca\/joves-enginyers-espanyols-a-makino-alemanya\/","url":"https:\/\/www.bridge4mobility.com\/ca\/joves-enginyers-espanyols-a-makino-alemanya\/","name":"Joves enginyers espanyols a Makino (Alemanya) - Bridge4Mobility","isPartOf":{"@id":"https:\/\/www.bridge4mobility.com\/de\/#website"},"datePublished":"2019-05-10T07:14:47+00:00","dateModified":"2019-05-13T08:27:25+00:00","author":{"@id":"https:\/\/www.bridge4mobility.com\/de\/#\/schema\/person\/d8a8f2ef67df38ba2912abac766e53db"},"breadcrumb":{"@id":"https:\/\/www.bridge4mobility.com\/ca\/joves-enginyers-espanyols-a-makino-alemanya\/#breadcrumb"},"inLanguage":"ca","potentialAction":[{"@type":"ReadAction","target":["https:\/\/www.bridge4mobility.com\/ca\/joves-enginyers-espanyols-a-makino-alemanya\/"]}]},{"@type":"BreadcrumbList","@id":"https:\/\/www.bridge4mobility.com\/ca\/joves-enginyers-espanyols-a-makino-alemanya\/#breadcrumb","itemListElement":[{"@type":"ListItem","position":1,"name":"Home","item":"https:\/\/www.bridge4mobility.com\/ca\/"},{"@type":"ListItem","position":2,"name":"Joves enginyers espanyols a Makino (Alemanya)"}]},{"@type":"WebSite","@id":"https:\/\/www.bridge4mobility.com\/de\/#website","url":"https:\/\/www.bridge4mobility.com\/de\/","name":"Bridge4Mobility","description":"Qualifizierte Fachkr\u00e4fte aus Spanien","potentialAction":[{"@type":"SearchAction","target":{"@type":"EntryPoint","urlTemplate":"https:\/\/www.bridge4mobility.com\/de\/?s={search_term_string}"},"query-input":"required name=search_term_string"}],"inLanguage":"ca"},{"@type":"Person","@id":"https:\/\/www.bridge4mobility.com\/de\/#\/schema\/person\/d8a8f2ef67df38ba2912abac766e53db","name":"Rosa Sanchez","image":{"@type":"ImageObject","inLanguage":"ca","@id":"https:\/\/www.bridge4mobility.com\/de\/#\/schema\/person\/image\/","url":"https:\/\/www.bridge4mobility.com\/wp-content\/uploads\/letter-avatar\/ad15267741798dfac018169b3c617ba0.svg","contentUrl":"https:\/\/www.bridge4mobility.com\/wp-content\/uploads\/letter-avatar\/ad15267741798dfac018169b3c617ba0.svg","caption":"Rosa Sanchez"},"url":"https:\/\/www.bridge4mobility.com\/ca\/author\/r-sanchez\/"}]}},"_links":{"self":[{"href":"https:\/\/www.bridge4mobility.com\/ca\/wp-json\/wp\/v2\/posts\/8955"}],"collection":[{"href":"https:\/\/www.bridge4mobility.com\/ca\/wp-json\/wp\/v2\/posts"}],"about":[{"href":"https:\/\/www.bridge4mobility.com\/ca\/wp-json\/wp\/v2\/types\/post"}],"author":[{"embeddable":true,"href":"https:\/\/www.bridge4mobility.com\/ca\/wp-json\/wp\/v2\/users\/1715"}],"replies":[{"embeddable":true,"href":"https:\/\/www.bridge4mobility.com\/ca\/wp-json\/wp\/v2\/comments?post=8955"}],"version-history":[{"count":0,"href":"https:\/\/www.bridge4mobility.com\/ca\/wp-json\/wp\/v2\/posts\/8955\/revisions"}],"wp:featuredmedia":[{"embeddable":true,"href":"https:\/\/www.bridge4mobility.com\/ca\/wp-json\/wp\/v2\/media\/8942"}],"wp:attachment":[{"href":"https:\/\/www.bridge4mobility.com\/ca\/wp-json\/wp\/v2\/media?parent=8955"}],"wp:term":[{"taxonomy":"category","embeddable":true,"href":"https:\/\/www.bridge4mobility.com\/ca\/wp-json\/wp\/v2\/categories?post=8955"},{"taxonomy":"post_tag","embeddable":true,"href":"https:\/\/www.bridge4mobility.com\/ca\/wp-json\/wp\/v2\/tags?post=8955"}],"curies":[{"name":"wp","href":"https:\/\/api.w.org\/{rel}","templated":true}]}}