{"id":8795,"date":"2019-04-03T16:56:30","date_gmt":"2019-04-03T14:56:30","guid":{"rendered":"https:\/\/www.bridge4mobility.com\/?p=8795"},"modified":"2019-04-03T16:56:30","modified_gmt":"2019-04-03T14:56:30","slug":"primer-curs-intensiu-dalemany-de-2019","status":"publish","type":"post","link":"https:\/\/www.bridge4mobility.com\/ca\/primer-curs-intensiu-dalemany-de-2019\/","title":{"rendered":"Primer curs intensiu d&#8217;alemany de 2019"},"content":{"rendered":"<h2>Ahir dia 2 d&#8217;abril, va comen\u00e7ar el primer curs d&#8217;alemany intensiu de 2019!<\/h2>\n<p>Una vintena de nois i noies van arribar a primera hora del mat\u00ed per a comen\u00e7ar aquesta aventura d&#8217;aprendre alemany! (Recordeu que no \u00e9s tan dif\u00edcil com sembla!)<\/p>\n<p>En aquest primer dia, el professor els hi explica el funcionament del curs, quina ruta seguir\u00e0n per estudiar, quines s\u00f3n les normes a classe, quin material faran servir, etc&#8230;\u00a0 Tamb\u00e9 se&#8217;ls hi entrega als alumnes el material del curs (llibres, llibreta, bol\u00edgraf&#8230;) i es fa una explicaci\u00f3 del funcionament de la plataforma online del curs, el Moodle, on l&#8217;alumnat podr\u00e0 consultar dubtes, repassar temes, escoltar audios i fer deures.<\/p>\n<p>Per tal de trencar el gel del primer dia, els alumnes s&#8217;han presentat un a un (en catal\u00e0 o castell\u00e0) i han explicat les seves motivacions per a fer aquest projecte. Tot seguit, han comen\u00e7at amb la primera lli\u00e7\u00f3!<\/p>\n<h3>El primer dia ja han apr\u00e8s a presentar-se en alemany!<\/h3>\n<p>La primera lli\u00e7\u00f3 ha consistit en que cadasc\u00fa es presenti. Han apr\u00e8s a dir la seva edat, on viuen, com es diuen, quins idiomes dominen i si tenen algun hobbie.<\/p>\n<p>L&#8217;objectiu \u00e9s que l&#8217;endem\u00e0, quan tornin a classe, s\u00e0piguen presentar-se en alemany, el que suposa estar parlant l&#8217;idioma de 30 a 60 segons&#8230; gens malament!<\/p>\n<p>&nbsp;<\/p>\n<p>Recomanem a tots els alumnes actuals (i als que han de comen\u00e7ar en els propers cursos) que aprofitin les classes al m\u00e0xim !!!! Ja que un cop a Alemanya els hi ser\u00e0 molt \u00fatil haver fet aquest curs. \u00c0NIMS!<\/p>\n","protected":false},"excerpt":{"rendered":"<p>Ahir dia 2 d&#8217;abril, va comen\u00e7ar el primer curs d&#8217;alemany intensiu de 2019! Una vintena de nois i noies van arribar a primera hora del mat\u00ed per a comen\u00e7ar aquesta aventura d&#8217;aprendre alemany! (Recordeu que no \u00e9s tan dif\u00edcil com sembla!) En aquest primer dia, el professor els hi explica el funcionament del curs, quina<\/p>\n","protected":false},"author":1715,"featured_media":8796,"comment_status":"closed","ping_status":"closed","sticky":false,"template":"","format":"standard","meta":[],"categories":[23],"tags":[38,41,43,39,40,42],"yoast_head":"<!-- This site is optimized with the Yoast SEO plugin v19.13 - https:\/\/yoast.com\/wordpress\/plugins\/seo\/ -->\n<title>Primer curs intensiu d&#039;alemany de 2019 - Bridge4Mobility<\/title>\n<meta name=\"robots\" content=\"index, follow, max-snippet:-1, max-image-preview:large, max-video-preview:-1\" \/>\n<link rel=\"canonical\" href=\"https:\/\/www.bridge4mobility.com\/ca\/primer-curs-intensiu-dalemany-de-2019\/\" \/>\n<meta property=\"og:locale\" content=\"ca_ES\" \/>\n<meta property=\"og:type\" content=\"article\" \/>\n<meta property=\"og:title\" content=\"Primer curs intensiu d&#039;alemany de 2019 - Bridge4Mobility\" \/>\n<meta property=\"og:description\" content=\"Ahir dia 2 d&#8217;abril, va comen\u00e7ar el primer curs d&#8217;alemany intensiu de 2019! Una vintena de nois i noies van arribar a primera hora del mat\u00ed per a comen\u00e7ar aquesta aventura d&#8217;aprendre alemany! (Recordeu que no \u00e9s tan dif\u00edcil com sembla!) En aquest primer dia, el professor els hi explica el funcionament del curs, quina\" \/>\n<meta property=\"og:url\" content=\"https:\/\/www.bridge4mobility.com\/ca\/primer-curs-intensiu-dalemany-de-2019\/\" \/>\n<meta property=\"og:site_name\" content=\"Bridge4Mobility\" \/>\n<meta property=\"article:published_time\" content=\"2019-04-03T14:56:30+00:00\" \/>\n<meta property=\"og:image\" content=\"https:\/\/www.bridge4mobility.com\/wp-content\/uploads\/curs1azubi.jpg\" \/>\n\t<meta property=\"og:image:width\" content=\"1600\" \/>\n\t<meta property=\"og:image:height\" content=\"1200\" \/>\n\t<meta property=\"og:image:type\" content=\"image\/jpeg\" \/>\n<meta name=\"author\" content=\"Rosa Sanchez\" \/>\n<meta name=\"twitter:label1\" content=\"Escrit per\" \/>\n\t<meta name=\"twitter:data1\" content=\"Rosa Sanchez\" \/>\n\t<meta name=\"twitter:label2\" content=\"Temps estimat de lectura\" \/>\n\t<meta name=\"twitter:data2\" content=\"1 minut\" \/>\n<script type=\"application\/ld+json\" class=\"yoast-schema-graph\">{\"@context\":\"https:\/\/schema.org\",\"@graph\":[{\"@type\":\"WebPage\",\"@id\":\"https:\/\/www.bridge4mobility.com\/ca\/primer-curs-intensiu-dalemany-de-2019\/\",\"url\":\"https:\/\/www.bridge4mobility.com\/ca\/primer-curs-intensiu-dalemany-de-2019\/\",\"name\":\"Primer curs intensiu d'alemany de 2019 - Bridge4Mobility\",\"isPartOf\":{\"@id\":\"https:\/\/www.bridge4mobility.com\/de\/#website\"},\"datePublished\":\"2019-04-03T14:56:30+00:00\",\"dateModified\":\"2019-04-03T14:56:30+00:00\",\"author\":{\"@id\":\"https:\/\/www.bridge4mobility.com\/de\/#\/schema\/person\/d8a8f2ef67df38ba2912abac766e53db\"},\"breadcrumb\":{\"@id\":\"https:\/\/www.bridge4mobility.com\/ca\/primer-curs-intensiu-dalemany-de-2019\/#breadcrumb\"},\"inLanguage\":\"ca\",\"potentialAction\":[{\"@type\":\"ReadAction\",\"target\":[\"https:\/\/www.bridge4mobility.com\/ca\/primer-curs-intensiu-dalemany-de-2019\/\"]}]},{\"@type\":\"BreadcrumbList\",\"@id\":\"https:\/\/www.bridge4mobility.com\/ca\/primer-curs-intensiu-dalemany-de-2019\/#breadcrumb\",\"itemListElement\":[{\"@type\":\"ListItem\",\"position\":1,\"name\":\"Home\",\"item\":\"https:\/\/www.bridge4mobility.com\/ca\/\"},{\"@type\":\"ListItem\",\"position\":2,\"name\":\"Primer curs intensiu d&#8217;alemany de 2019\"}]},{\"@type\":\"WebSite\",\"@id\":\"https:\/\/www.bridge4mobility.com\/de\/#website\",\"url\":\"https:\/\/www.bridge4mobility.com\/de\/\",\"name\":\"Bridge4Mobility\",\"description\":\"Qualifizierte Fachkr\u00e4fte aus Spanien\",\"potentialAction\":[{\"@type\":\"SearchAction\",\"target\":{\"@type\":\"EntryPoint\",\"urlTemplate\":\"https:\/\/www.bridge4mobility.com\/de\/?s={search_term_string}\"},\"query-input\":\"required name=search_term_string\"}],\"inLanguage\":\"ca\"},{\"@type\":\"Person\",\"@id\":\"https:\/\/www.bridge4mobility.com\/de\/#\/schema\/person\/d8a8f2ef67df38ba2912abac766e53db\",\"name\":\"Rosa Sanchez\",\"image\":{\"@type\":\"ImageObject\",\"inLanguage\":\"ca\",\"@id\":\"https:\/\/www.bridge4mobility.com\/de\/#\/schema\/person\/image\/\",\"url\":\"https:\/\/www.bridge4mobility.com\/wp-content\/uploads\/letter-avatar\/ad15267741798dfac018169b3c617ba0.svg\",\"contentUrl\":\"https:\/\/www.bridge4mobility.com\/wp-content\/uploads\/letter-avatar\/ad15267741798dfac018169b3c617ba0.svg\",\"caption\":\"Rosa Sanchez\"},\"url\":\"https:\/\/www.bridge4mobility.com\/ca\/author\/r-sanchez\/\"}]}<\/script>\n<!-- \/ Yoast SEO plugin. -->","yoast_head_json":{"title":"Primer curs intensiu d'alemany de 2019 - Bridge4Mobility","robots":{"index":"index","follow":"follow","max-snippet":"max-snippet:-1","max-image-preview":"max-image-preview:large","max-video-preview":"max-video-preview:-1"},"canonical":"https:\/\/www.bridge4mobility.com\/ca\/primer-curs-intensiu-dalemany-de-2019\/","og_locale":"ca_ES","og_type":"article","og_title":"Primer curs intensiu d'alemany de 2019 - Bridge4Mobility","og_description":"Ahir dia 2 d&#8217;abril, va comen\u00e7ar el primer curs d&#8217;alemany intensiu de 2019! Una vintena de nois i noies van arribar a primera hora del mat\u00ed per a comen\u00e7ar aquesta aventura d&#8217;aprendre alemany! (Recordeu que no \u00e9s tan dif\u00edcil com sembla!) En aquest primer dia, el professor els hi explica el funcionament del curs, quina","og_url":"https:\/\/www.bridge4mobility.com\/ca\/primer-curs-intensiu-dalemany-de-2019\/","og_site_name":"Bridge4Mobility","article_published_time":"2019-04-03T14:56:30+00:00","og_image":[{"width":1600,"height":1200,"url":"https:\/\/www.bridge4mobility.com\/wp-content\/uploads\/curs1azubi.jpg","type":"image\/jpeg"}],"author":"Rosa Sanchez","twitter_misc":{"Escrit per":"Rosa Sanchez","Temps estimat de lectura":"1 minut"},"schema":{"@context":"https:\/\/schema.org","@graph":[{"@type":"WebPage","@id":"https:\/\/www.bridge4mobility.com\/ca\/primer-curs-intensiu-dalemany-de-2019\/","url":"https:\/\/www.bridge4mobility.com\/ca\/primer-curs-intensiu-dalemany-de-2019\/","name":"Primer curs intensiu d'alemany de 2019 - Bridge4Mobility","isPartOf":{"@id":"https:\/\/www.bridge4mobility.com\/de\/#website"},"datePublished":"2019-04-03T14:56:30+00:00","dateModified":"2019-04-03T14:56:30+00:00","author":{"@id":"https:\/\/www.bridge4mobility.com\/de\/#\/schema\/person\/d8a8f2ef67df38ba2912abac766e53db"},"breadcrumb":{"@id":"https:\/\/www.bridge4mobility.com\/ca\/primer-curs-intensiu-dalemany-de-2019\/#breadcrumb"},"inLanguage":"ca","potentialAction":[{"@type":"ReadAction","target":["https:\/\/www.bridge4mobility.com\/ca\/primer-curs-intensiu-dalemany-de-2019\/"]}]},{"@type":"BreadcrumbList","@id":"https:\/\/www.bridge4mobility.com\/ca\/primer-curs-intensiu-dalemany-de-2019\/#breadcrumb","itemListElement":[{"@type":"ListItem","position":1,"name":"Home","item":"https:\/\/www.bridge4mobility.com\/ca\/"},{"@type":"ListItem","position":2,"name":"Primer curs intensiu d&#8217;alemany de 2019"}]},{"@type":"WebSite","@id":"https:\/\/www.bridge4mobility.com\/de\/#website","url":"https:\/\/www.bridge4mobility.com\/de\/","name":"Bridge4Mobility","description":"Qualifizierte Fachkr\u00e4fte aus Spanien","potentialAction":[{"@type":"SearchAction","target":{"@type":"EntryPoint","urlTemplate":"https:\/\/www.bridge4mobility.com\/de\/?s={search_term_string}"},"query-input":"required name=search_term_string"}],"inLanguage":"ca"},{"@type":"Person","@id":"https:\/\/www.bridge4mobility.com\/de\/#\/schema\/person\/d8a8f2ef67df38ba2912abac766e53db","name":"Rosa Sanchez","image":{"@type":"ImageObject","inLanguage":"ca","@id":"https:\/\/www.bridge4mobility.com\/de\/#\/schema\/person\/image\/","url":"https:\/\/www.bridge4mobility.com\/wp-content\/uploads\/letter-avatar\/ad15267741798dfac018169b3c617ba0.svg","contentUrl":"https:\/\/www.bridge4mobility.com\/wp-content\/uploads\/letter-avatar\/ad15267741798dfac018169b3c617ba0.svg","caption":"Rosa Sanchez"},"url":"https:\/\/www.bridge4mobility.com\/ca\/author\/r-sanchez\/"}]}},"_links":{"self":[{"href":"https:\/\/www.bridge4mobility.com\/ca\/wp-json\/wp\/v2\/posts\/8795"}],"collection":[{"href":"https:\/\/www.bridge4mobility.com\/ca\/wp-json\/wp\/v2\/posts"}],"about":[{"href":"https:\/\/www.bridge4mobility.com\/ca\/wp-json\/wp\/v2\/types\/post"}],"author":[{"embeddable":true,"href":"https:\/\/www.bridge4mobility.com\/ca\/wp-json\/wp\/v2\/users\/1715"}],"replies":[{"embeddable":true,"href":"https:\/\/www.bridge4mobility.com\/ca\/wp-json\/wp\/v2\/comments?post=8795"}],"version-history":[{"count":0,"href":"https:\/\/www.bridge4mobility.com\/ca\/wp-json\/wp\/v2\/posts\/8795\/revisions"}],"wp:featuredmedia":[{"embeddable":true,"href":"https:\/\/www.bridge4mobility.com\/ca\/wp-json\/wp\/v2\/media\/8796"}],"wp:attachment":[{"href":"https:\/\/www.bridge4mobility.com\/ca\/wp-json\/wp\/v2\/media?parent=8795"}],"wp:term":[{"taxonomy":"category","embeddable":true,"href":"https:\/\/www.bridge4mobility.com\/ca\/wp-json\/wp\/v2\/categories?post=8795"},{"taxonomy":"post_tag","embeddable":true,"href":"https:\/\/www.bridge4mobility.com\/ca\/wp-json\/wp\/v2\/tags?post=8795"}],"curies":[{"name":"wp","href":"https:\/\/api.w.org\/{rel}","templated":true}]}}