{"id":8725,"date":"2019-03-11T16:43:07","date_gmt":"2019-03-11T15:43:07","guid":{"rendered":"https:\/\/www.bridge4mobility.com\/?p=8725"},"modified":"2019-03-11T17:59:56","modified_gmt":"2019-03-11T16:59:56","slug":"llegeix-experiencies-dels-azubis-la-marta-1","status":"publish","type":"post","link":"https:\/\/www.bridge4mobility.com\/ca\/llegeix-experiencies-dels-azubis-la-marta-1\/","title":{"rendered":"Llegeix experi\u00e8ncies dels azubis: La Marta (1)"},"content":{"rendered":"<p>La Marta viu a Kl\u00fctz, un poblet al nord d\u2019Alemanya. A tocar del mar. M\u00e9s a prop de Copenhaguen que de Munic. \u201cUn poble molt tranquil. Mai hi passa res\u201d\u2014ens explica. I \u00e9s que Kl\u00fctz t\u00e9 poc m\u00e9s de 3.000 habitants.\u00a0 \u201cPoca gent jove, per\u00f2 amb tot el que es necessita per viure\u201d \u2014diu la Marta.<\/p>\n<p>Qui viu a Kl\u00fctz \u2014com la Marta\u2014 t\u00e9 tres obligacions irrenunciables.<\/p>\n<ul>\n<li>Visitar el castell <strong><em>Schloss Bothmer<\/em><\/strong>, la refer\u00e8ncia tur\u00edstica del poble.<\/li>\n<li>Passejar-se pel <strong><em>Lenorenwald<\/em><\/strong>, un enorme, verd i frond\u00f3s bosc.<\/li>\n<li>Treure la neu i el gel que s\u2019acumula a la vorera davant de casa quan neva a l\u2019hivern. \u201cTothom hi est\u00e0 obligat I tothom ho fa. Si alg\u00fa pren mal davant de casa teva, les autoritats locals et reclamaran responsabilitats\u201d \u2014ens diu la Marta.<\/li>\n<\/ul>\n<p><img loading=\"lazy\" class=\"size-medium wp-image-8726 alignleft\" src=\"https:\/\/www.bridge4mobility.com\/wp-content\/uploads\/lloc-de-feina-hivern-1-169x300.jpg\" alt=\"\" width=\"169\" height=\"300\" srcset=\"https:\/\/www.bridge4mobility.com\/wp-content\/uploads\/lloc-de-feina-hivern-1-169x300.jpg 169w, https:\/\/www.bridge4mobility.com\/wp-content\/uploads\/lloc-de-feina-hivern-1-576x1024.jpg 576w, https:\/\/www.bridge4mobility.com\/wp-content\/uploads\/lloc-de-feina-hivern-1-500x889.jpg 500w, https:\/\/www.bridge4mobility.com\/wp-content\/uploads\/lloc-de-feina-hivern-1.jpg 585w\" sizes=\"(max-width: 169px) 100vw, 169px\" \/> <img loading=\"lazy\" class=\"size-medium wp-image-8727 alignleft\" src=\"https:\/\/www.bridge4mobility.com\/wp-content\/uploads\/lloc-de-feina-hivern-169x300.jpg\" alt=\"\" width=\"169\" height=\"300\" srcset=\"https:\/\/www.bridge4mobility.com\/wp-content\/uploads\/lloc-de-feina-hivern-169x300.jpg 169w, https:\/\/www.bridge4mobility.com\/wp-content\/uploads\/lloc-de-feina-hivern-576x1024.jpg 576w, https:\/\/www.bridge4mobility.com\/wp-content\/uploads\/lloc-de-feina-hivern-500x889.jpg 500w, https:\/\/www.bridge4mobility.com\/wp-content\/uploads\/lloc-de-feina-hivern.jpg 585w\" sizes=\"(max-width: 169px) 100vw, 169px\" \/> <img loading=\"lazy\" class=\"wp-image-8728 size-medium alignleft\" src=\"https:\/\/www.bridge4mobility.com\/wp-content\/uploads\/lloc-de-feina-sense-neu-e1552318339856-146x300.jpg\" alt=\"\" width=\"146\" height=\"300\" srcset=\"https:\/\/www.bridge4mobility.com\/wp-content\/uploads\/lloc-de-feina-sense-neu-e1552318339856-146x300.jpg 146w, https:\/\/www.bridge4mobility.com\/wp-content\/uploads\/lloc-de-feina-sense-neu-e1552318339856-768x1580.jpg 768w, https:\/\/www.bridge4mobility.com\/wp-content\/uploads\/lloc-de-feina-sense-neu-e1552318339856-498x1024.jpg 498w, https:\/\/www.bridge4mobility.com\/wp-content\/uploads\/lloc-de-feina-sense-neu-e1552318339856-500x1029.jpg 500w, https:\/\/www.bridge4mobility.com\/wp-content\/uploads\/lloc-de-feina-sense-neu-e1552318339856.jpg 1244w\" sizes=\"(max-width: 146px) 100vw, 146px\" \/><\/p>\n<p>&nbsp;<\/p>\n<p>&nbsp;<\/p>\n<p>&nbsp;<\/p>\n<p>&nbsp;<\/p>\n<p>&nbsp;<\/p>\n<p>&nbsp;<\/p>\n<p>&nbsp;<\/p>\n<p>&nbsp;<\/p>\n<p><em>Aqu\u00ed \u00e9s on treballa la Marta. Els hiverns s\u00f3n durs i la neu, abundant. La Marta ho t\u00e9 clar: &#8220;Dels hiverns m\u00e9s durs que he viscut&#8221;. I quan la neu es fon, el blanc deixa lloc al verd m\u00e9s pur.<\/em><\/p>\n<p>&nbsp;<\/p>\n<p>&nbsp;<\/p>\n<p>&nbsp;<\/p>\n<p>Per\u00f2 qu\u00e8 hi fa la Marta en un poblet al nord d\u2019Alemanya on quan hi neva la neu pot quallar durant dues setmanes? Qu\u00e8 hi fa la Marta a Kl\u00fctz, on amb bon temps els seus habitants van a la platja que tenen a pocs metres nom\u00e9s uns mesos despr\u00e9s d\u2019haver nevat sense parar?<\/p>\n<p>&nbsp;<\/p>\n<h3><strong>La Marta \u00e9s <em>Azubi<\/em>. Ja fa m\u00e9s d\u2019un any i mig que va comen\u00e7ar la Formaci\u00f3 Professional d\u2019<em>Hotelfachfrau<\/em>. S\u00ed, ella \u00e9s <em>Azubi<\/em> i estudia i treballa a Alemanya. S\u00ed, la Marta tamb\u00e9 va experimentar el que ara pots estar sentint. Potser tu tamb\u00e9 et planteges emprendre el mateix cam\u00ed que la Marta. Potser tens dubtes i t\u2019espanta la idea de viure i treballar en un pa\u00eds on es parla alemany i no angl\u00e8s. Potser tens aquella barreja estranya on la il\u00b7lusi\u00f3 i la por et fan la decisi\u00f3 m\u00e9s complicada, tan \u00e9s quina acabi sent.<\/strong><\/h3>\n<p>&nbsp;<\/p>\n<p>A poc m\u00e9s d\u2019un any de finalitzar la seva <em>Ausbildung, <\/em>la Marta no dubte: <strong>\u201cTinc clar\u00edssim que acabar\u00e9. I mai m\u2019he lamentat d\u2019haver vingut aqu\u00ed\u201d<\/strong>.<\/p>\n<p>I \u00e9s clar que la Marta tamb\u00e9 ha tingut moments dif\u00edcils. Per\u00f2 no hi ha res que no pugui treure la seva pala per a la neu durant els mesos\u00a0 d\u2019hivern.<\/p>\n<p>\u201cQuan vaig arribar per primera vegada la gent em deia que el meu nivell d\u2019alemany era bastant m\u00e9s bo que el d\u2019altres estrangers que tamb\u00e9 treballen i estudien aqu\u00ed\u201d. I \u00e9s que la Marta \u2013com tothom\u2013 va comen\u00e7ar de zero. Amb nom\u00e9s quatre mesos \u2013a Matar\u00f3 \u2013va aconseguir el nivell B1 acreditat pel <em>Goethe Institut<\/em>. El que al principi semblava impossible ho tenia ara sota el bra\u00e7 en un certificat. <strong>El B1 \u00e9s com l\u2019examen de conduir. Si es prepara, s\u2019aprova<\/strong>. Per\u00f2 \u2013en realitat\u2013 el carnet de conduir\u00a0 acredita nom\u00e9s que saps conduir. Per\u00f2 saps circular? Dif\u00edcilment. La immensa majoria ho aprenen \u2013senzillament\u2013 circulant. Amb l\u2019alemany \u2013el tan temut alemany\u2013 passa exactament el mateix. Es \u201ccircula\u201d amb alemany vivint a Alemanya.<\/p>\n<p>\u201cVaig estar malalta\u201d \u2013comen\u00e7a la Marta. \u201cI vaig haver d\u2019anar al metge. Sentia impot\u00e8ncia perqu\u00e8 no sabia si podia expressar exactament el qu\u00e8 em passava\u201d. La salut \u00e9s la salut i la Marta no va voler improvisar: \u201cVaig apuntar-me en un paper tot el qu\u00e8 havia de dir. Ho vaig memoritzar. Amb l\u2019ajuda d\u2019un diccionari vaig buscar les paraules m\u00e9s t\u00e8cniques\u201d. Podia ser que la Marta tingu\u00e9s m\u00e9s por del diagn\u00f2stic o de no poder explicar-se? O pitjor; de no entendre el qu\u00e8 el metge li pogu\u00e9s dir? O potser de tot una mica? Al sortir de la consulta: \u201cTenia una petita al\u00b7l\u00e8rgia. Res m\u00e9s. De seguida em van derivar a un especialista\u201d. O sigui, que la Marta va ser capa\u00e7 d\u2019explicar-se:\u00a0 \u201cEl metge ho va entendre tot. I jo gaireb\u00e9. Si no entenia una frase me la tornava a dir. Fins i tot va utilitzar alguna vegada traductors d\u2019Internet\u201d. A ning\u00fa li agrada tenir una al\u00b7l\u00e8rgia. I menys al nord d\u2019alemanya. Per\u00f2 no hi ha mal que per b\u00e9 no vingui. La Marta \u2013amb aquella experi\u00e8ncia\u2013 <strong>va aprendre m\u00e9s alemany que en un dels quatre mesos<\/strong> a Matar\u00f3. Aix\u00f2 \u00e9s \u2013precisament\u2013 \u201ccircular\u201d. I ara, amb una amiga alemanya pot anar a prendre alguna cosa i mantenir una conversa en alemany de dues hores sobre \u201ccoses t\u00edpiques de noies de vint anys\u201d.<\/p>\n<p>Kl\u00fctz \u00e9s un poble petit, per\u00f2 t\u00e9 veterinari. Una sort per a la Marta. Potser hi haur\u00e0 d\u2019anar si el <em>Tambor<\/em> \u2013el conill que li deixen tenir a casa\u201d\u2013 es posa malalt. Per\u00f2 dif\u00edcilment es posar\u00e0 malalt, tenint en compte en les condicions que viu la inquilina. La Marta no s\u2019hauria imaginat mai viure a Kl\u00fctz, per\u00f2 tampoc en un d\u00faplex. I menys pagar 250 euros al mes de lloguer. Amb tot incl\u00f2s. Excepte Internet. Una petita despesa necess\u00e0ria que s\u2019oblida r\u00e0pidament quan \u2013amb el WIFI\u2013 navega asseguda c\u00f2modament en una cadira del seu immens jard\u00ed. Un jard\u00ed que la Marta aprofita per fer-hi <em>Grillpartys<\/em> amb els seus amics. Sobretot a l\u2019estiu. \u201cL\u2019edifici pertany al cap de la meva feina. Ens cobra un preu just. Un preu que podem pagar\u201d \u2013ens explica la Marta.<\/p>\n<p><img loading=\"lazy\" class=\"alignleft wp-image-8729\" src=\"https:\/\/www.bridge4mobility.com\/wp-content\/uploads\/marta-amb-amics-300x146.jpg\" alt=\"\" width=\"290\" height=\"141\" srcset=\"https:\/\/www.bridge4mobility.com\/wp-content\/uploads\/marta-amb-amics-300x146.jpg 300w, https:\/\/www.bridge4mobility.com\/wp-content\/uploads\/marta-amb-amics-768x375.jpg 768w, https:\/\/www.bridge4mobility.com\/wp-content\/uploads\/marta-amb-amics-1024x499.jpg 1024w, https:\/\/www.bridge4mobility.com\/wp-content\/uploads\/marta-amb-amics-500x244.jpg 500w\" sizes=\"(max-width: 290px) 100vw, 290px\" \/><\/p>\n<p>&nbsp;<\/p>\n<p>&nbsp;<\/p>\n<p>&nbsp;<\/p>\n<p>&nbsp;<\/p>\n<p><em>Els Azubis tamb\u00e9 tenen temps lliure. A Alemanya no nom\u00e9s es treballa. Aqu\u00ed, la Marta amb els seus amics. Un dia de festa normal. A casa, jugant a cartes, bevent cervesa, parlant&#8230; i sobretot: Riure molt<\/em><\/p>\n<p>&nbsp;<\/p>\n<p><strong>De mitjana, un\/una Azubi \u00a0guanya 850 euros mensuals, propines a banda si l\u2019aprenent estudia una formaci\u00f3 dual relacionada amb l\u2019hosteleria.<\/strong> Els governs de cada <em>Bundesland<\/em> tamb\u00e9 ajuden. \u201cAgafo el bus a les 6:55 i arribo a Zierow a les 7:50, el poble on hi la <em>Berufliche Schule. <\/em>Els t\u00edtols de transport s\u00f3n m\u00e9s barats pels Azubis i la difer\u00e8ncia que hauries de pagar te la ingressen el <em>Jobcenter <\/em>de la teva zona\u201d. <strong>Contra el t\u00f2pic, Alemanya no \u00e9s un pa\u00eds excessivament car<\/strong>. La compra a un Supermercat \u00e9s gaireb\u00e9 id\u00e8ntica a la dels supermercats del nostre pa\u00eds. Qui no ha comprat mai en un <em>Lidl<\/em>, per exemple? \u201cPotser la cervesa \u00e9s m\u00e9s cara, per\u00f2 tamb\u00e9 te\u2019n donen m\u00e9s\u201d. I amb una mica de voluntat, fins i tot tamb\u00e9 es pot estalviar. I si no, que li ho diguin a la Marta. Durant uns dies de vacances va agafar un avi\u00f3 per descansar a Miami. Els Azubis tenen aquestes coses. Viatgen a Florida via Hamburg. I aix\u00f2 sense comptar el turisme \u201cnacional\u201d que la Marta ja ha fet amb els seus amics d\u2019Alemanya, dels quals \u2013naturalment\u2013 tamb\u00e9 n\u2019hi ha d\u2019espanyols. \u201cSempre hi ha alg\u00fa que t\u00e9 cotxe i marxem a fer escapades. Hem anat a les ciutats importants m\u00e9s properes, per\u00f2 tamb\u00e9 hem anat fins a la Selva Negra, a Baviera\u201d. I si amb els seus amics decideixen fer-se a la carretera durant l\u2019hivern, no passa res. \u201cNeva molt\u00edssim per\u00f2 tot funciona. I si no funciona, t\u2019avisen\u201d. A la Marta, almenys al principi, el \u201ct\u00edpic\u201d mal temps alemany no va molestar-li gaire: <strong>\u201cNo em vaig deprimir gens\u201d Com podia deprimir-me si tot era nou i estava sempre en una emoci\u00f3 constant?\u201d<\/strong> \u2013riu d\u2019ella mateixa. \u201cI a l\u2019hivern \u2013que feia migdiades de quatre hores despr\u00e9s de la <em>Schule<\/em>\u2013 doncs no podia adonar-me que es feia fosc\u201d. Per\u00f2 tot t\u00e9 la seva contrapartida. Kl\u00fctz \u2013tan al nord que fins i tot pr\u00e0cticament no apareix ni als mapes\u2013 t\u00e9 dies d\u2019estiu extraordin\u00e0riament llargs. El sol es pon completament a pocs minuts de les 11 de la nit. Uns dies d\u2019estiu extremadament calorosos.<\/p>\n<p><strong>El dia a dia de la Marta \u00e9s un dia a dia normal. Ella \u00e9s una noia normal que fa coses normals en un pa\u00eds normal que es diu Alemanya. Amb la difer\u00e8ncia que ho ha de fer tot amb alemany.<\/strong> Per\u00f2 com estudia la Marta? On treballa? I com es diverteix? Qu\u00e8 \u00e9s el qu\u00e8 li passa a una Azubi en un poble com Kl\u00fctz. Estigues atent\/a a la nostra web i a les nostres xarxes social. La hist\u00f2ria de la Marta continuar\u00e0.<\/p>\n","protected":false},"excerpt":{"rendered":"<p>La Marta viu a Kl\u00fctz, un poblet al nord d\u2019Alemanya. A tocar del mar. M\u00e9s a prop de Copenhaguen que de Munic. \u201cUn poble molt tranquil. Mai hi passa res\u201d\u2014ens explica. I \u00e9s que Kl\u00fctz t\u00e9 poc m\u00e9s de 3.000 habitants.\u00a0 \u201cPoca gent jove, per\u00f2 amb tot el que es necessita per viure\u201d \u2014diu la<\/p>\n","protected":false},"author":1715,"featured_media":8734,"comment_status":"closed","ping_status":"closed","sticky":false,"template":"","format":"standard","meta":[],"categories":[23],"tags":[],"yoast_head":"<!-- This site is optimized with the Yoast SEO plugin v19.13 - https:\/\/yoast.com\/wordpress\/plugins\/seo\/ -->\n<title>Llegeix experi\u00e8ncies dels azubis: La Marta (1) - Bridge4Mobility<\/title>\n<meta name=\"robots\" content=\"index, follow, max-snippet:-1, max-image-preview:large, max-video-preview:-1\" \/>\n<link rel=\"canonical\" href=\"https:\/\/www.bridge4mobility.com\/ca\/llegeix-experiencies-dels-azubis-la-marta-1\/\" \/>\n<meta property=\"og:locale\" content=\"ca_ES\" \/>\n<meta property=\"og:type\" content=\"article\" \/>\n<meta property=\"og:title\" content=\"Llegeix experi\u00e8ncies dels azubis: La Marta (1) - Bridge4Mobility\" \/>\n<meta property=\"og:description\" content=\"La Marta viu a Kl\u00fctz, un poblet al nord d\u2019Alemanya. A tocar del mar. M\u00e9s a prop de Copenhaguen que de Munic. \u201cUn poble molt tranquil. Mai hi passa res\u201d\u2014ens explica. I \u00e9s que Kl\u00fctz t\u00e9 poc m\u00e9s de 3.000 habitants.\u00a0 \u201cPoca gent jove, per\u00f2 amb tot el que es necessita per viure\u201d \u2014diu la\" \/>\n<meta property=\"og:url\" content=\"https:\/\/www.bridge4mobility.com\/ca\/llegeix-experiencies-dels-azubis-la-marta-1\/\" \/>\n<meta property=\"og:site_name\" content=\"Bridge4Mobility\" \/>\n<meta property=\"article:published_time\" content=\"2019-03-11T15:43:07+00:00\" \/>\n<meta property=\"article:modified_time\" content=\"2019-03-11T16:59:56+00:00\" \/>\n<meta property=\"og:image\" content=\"https:\/\/www.bridge4mobility.com\/wp-content\/uploads\/marta-amb-amics-1.jpg\" \/>\n\t<meta property=\"og:image:width\" content=\"2560\" \/>\n\t<meta property=\"og:image:height\" content=\"1249\" \/>\n\t<meta property=\"og:image:type\" content=\"image\/jpeg\" \/>\n<meta name=\"author\" content=\"Rosa Sanchez\" \/>\n<meta name=\"twitter:label1\" content=\"Escrit per\" \/>\n\t<meta name=\"twitter:data1\" content=\"Rosa Sanchez\" \/>\n\t<meta name=\"twitter:label2\" content=\"Temps estimat de lectura\" \/>\n\t<meta name=\"twitter:data2\" content=\"7 minuts\" \/>\n<script type=\"application\/ld+json\" class=\"yoast-schema-graph\">{\"@context\":\"https:\/\/schema.org\",\"@graph\":[{\"@type\":\"WebPage\",\"@id\":\"https:\/\/www.bridge4mobility.com\/ca\/llegeix-experiencies-dels-azubis-la-marta-1\/\",\"url\":\"https:\/\/www.bridge4mobility.com\/ca\/llegeix-experiencies-dels-azubis-la-marta-1\/\",\"name\":\"Llegeix experi\u00e8ncies dels azubis: La Marta (1) - Bridge4Mobility\",\"isPartOf\":{\"@id\":\"https:\/\/www.bridge4mobility.com\/de\/#website\"},\"datePublished\":\"2019-03-11T15:43:07+00:00\",\"dateModified\":\"2019-03-11T16:59:56+00:00\",\"author\":{\"@id\":\"https:\/\/www.bridge4mobility.com\/de\/#\/schema\/person\/d8a8f2ef67df38ba2912abac766e53db\"},\"breadcrumb\":{\"@id\":\"https:\/\/www.bridge4mobility.com\/ca\/llegeix-experiencies-dels-azubis-la-marta-1\/#breadcrumb\"},\"inLanguage\":\"ca\",\"potentialAction\":[{\"@type\":\"ReadAction\",\"target\":[\"https:\/\/www.bridge4mobility.com\/ca\/llegeix-experiencies-dels-azubis-la-marta-1\/\"]}]},{\"@type\":\"BreadcrumbList\",\"@id\":\"https:\/\/www.bridge4mobility.com\/ca\/llegeix-experiencies-dels-azubis-la-marta-1\/#breadcrumb\",\"itemListElement\":[{\"@type\":\"ListItem\",\"position\":1,\"name\":\"Home\",\"item\":\"https:\/\/www.bridge4mobility.com\/ca\/\"},{\"@type\":\"ListItem\",\"position\":2,\"name\":\"Llegeix experi\u00e8ncies dels azubis: La Marta (1)\"}]},{\"@type\":\"WebSite\",\"@id\":\"https:\/\/www.bridge4mobility.com\/de\/#website\",\"url\":\"https:\/\/www.bridge4mobility.com\/de\/\",\"name\":\"Bridge4Mobility\",\"description\":\"Qualifizierte Fachkr\u00e4fte aus Spanien\",\"potentialAction\":[{\"@type\":\"SearchAction\",\"target\":{\"@type\":\"EntryPoint\",\"urlTemplate\":\"https:\/\/www.bridge4mobility.com\/de\/?s={search_term_string}\"},\"query-input\":\"required name=search_term_string\"}],\"inLanguage\":\"ca\"},{\"@type\":\"Person\",\"@id\":\"https:\/\/www.bridge4mobility.com\/de\/#\/schema\/person\/d8a8f2ef67df38ba2912abac766e53db\",\"name\":\"Rosa Sanchez\",\"image\":{\"@type\":\"ImageObject\",\"inLanguage\":\"ca\",\"@id\":\"https:\/\/www.bridge4mobility.com\/de\/#\/schema\/person\/image\/\",\"url\":\"https:\/\/www.bridge4mobility.com\/wp-content\/uploads\/letter-avatar\/ad15267741798dfac018169b3c617ba0.svg\",\"contentUrl\":\"https:\/\/www.bridge4mobility.com\/wp-content\/uploads\/letter-avatar\/ad15267741798dfac018169b3c617ba0.svg\",\"caption\":\"Rosa Sanchez\"},\"url\":\"https:\/\/www.bridge4mobility.com\/ca\/author\/r-sanchez\/\"}]}<\/script>\n<!-- \/ Yoast SEO plugin. -->","yoast_head_json":{"title":"Llegeix experi\u00e8ncies dels azubis: La Marta (1) - Bridge4Mobility","robots":{"index":"index","follow":"follow","max-snippet":"max-snippet:-1","max-image-preview":"max-image-preview:large","max-video-preview":"max-video-preview:-1"},"canonical":"https:\/\/www.bridge4mobility.com\/ca\/llegeix-experiencies-dels-azubis-la-marta-1\/","og_locale":"ca_ES","og_type":"article","og_title":"Llegeix experi\u00e8ncies dels azubis: La Marta (1) - Bridge4Mobility","og_description":"La Marta viu a Kl\u00fctz, un poblet al nord d\u2019Alemanya. A tocar del mar. M\u00e9s a prop de Copenhaguen que de Munic. \u201cUn poble molt tranquil. Mai hi passa res\u201d\u2014ens explica. I \u00e9s que Kl\u00fctz t\u00e9 poc m\u00e9s de 3.000 habitants.\u00a0 \u201cPoca gent jove, per\u00f2 amb tot el que es necessita per viure\u201d \u2014diu la","og_url":"https:\/\/www.bridge4mobility.com\/ca\/llegeix-experiencies-dels-azubis-la-marta-1\/","og_site_name":"Bridge4Mobility","article_published_time":"2019-03-11T15:43:07+00:00","article_modified_time":"2019-03-11T16:59:56+00:00","og_image":[{"width":2560,"height":1249,"url":"https:\/\/www.bridge4mobility.com\/wp-content\/uploads\/marta-amb-amics-1.jpg","type":"image\/jpeg"}],"author":"Rosa Sanchez","twitter_misc":{"Escrit per":"Rosa Sanchez","Temps estimat de lectura":"7 minuts"},"schema":{"@context":"https:\/\/schema.org","@graph":[{"@type":"WebPage","@id":"https:\/\/www.bridge4mobility.com\/ca\/llegeix-experiencies-dels-azubis-la-marta-1\/","url":"https:\/\/www.bridge4mobility.com\/ca\/llegeix-experiencies-dels-azubis-la-marta-1\/","name":"Llegeix experi\u00e8ncies dels azubis: La Marta (1) - Bridge4Mobility","isPartOf":{"@id":"https:\/\/www.bridge4mobility.com\/de\/#website"},"datePublished":"2019-03-11T15:43:07+00:00","dateModified":"2019-03-11T16:59:56+00:00","author":{"@id":"https:\/\/www.bridge4mobility.com\/de\/#\/schema\/person\/d8a8f2ef67df38ba2912abac766e53db"},"breadcrumb":{"@id":"https:\/\/www.bridge4mobility.com\/ca\/llegeix-experiencies-dels-azubis-la-marta-1\/#breadcrumb"},"inLanguage":"ca","potentialAction":[{"@type":"ReadAction","target":["https:\/\/www.bridge4mobility.com\/ca\/llegeix-experiencies-dels-azubis-la-marta-1\/"]}]},{"@type":"BreadcrumbList","@id":"https:\/\/www.bridge4mobility.com\/ca\/llegeix-experiencies-dels-azubis-la-marta-1\/#breadcrumb","itemListElement":[{"@type":"ListItem","position":1,"name":"Home","item":"https:\/\/www.bridge4mobility.com\/ca\/"},{"@type":"ListItem","position":2,"name":"Llegeix experi\u00e8ncies dels azubis: La Marta (1)"}]},{"@type":"WebSite","@id":"https:\/\/www.bridge4mobility.com\/de\/#website","url":"https:\/\/www.bridge4mobility.com\/de\/","name":"Bridge4Mobility","description":"Qualifizierte Fachkr\u00e4fte aus Spanien","potentialAction":[{"@type":"SearchAction","target":{"@type":"EntryPoint","urlTemplate":"https:\/\/www.bridge4mobility.com\/de\/?s={search_term_string}"},"query-input":"required name=search_term_string"}],"inLanguage":"ca"},{"@type":"Person","@id":"https:\/\/www.bridge4mobility.com\/de\/#\/schema\/person\/d8a8f2ef67df38ba2912abac766e53db","name":"Rosa Sanchez","image":{"@type":"ImageObject","inLanguage":"ca","@id":"https:\/\/www.bridge4mobility.com\/de\/#\/schema\/person\/image\/","url":"https:\/\/www.bridge4mobility.com\/wp-content\/uploads\/letter-avatar\/ad15267741798dfac018169b3c617ba0.svg","contentUrl":"https:\/\/www.bridge4mobility.com\/wp-content\/uploads\/letter-avatar\/ad15267741798dfac018169b3c617ba0.svg","caption":"Rosa Sanchez"},"url":"https:\/\/www.bridge4mobility.com\/ca\/author\/r-sanchez\/"}]}},"_links":{"self":[{"href":"https:\/\/www.bridge4mobility.com\/ca\/wp-json\/wp\/v2\/posts\/8725"}],"collection":[{"href":"https:\/\/www.bridge4mobility.com\/ca\/wp-json\/wp\/v2\/posts"}],"about":[{"href":"https:\/\/www.bridge4mobility.com\/ca\/wp-json\/wp\/v2\/types\/post"}],"author":[{"embeddable":true,"href":"https:\/\/www.bridge4mobility.com\/ca\/wp-json\/wp\/v2\/users\/1715"}],"replies":[{"embeddable":true,"href":"https:\/\/www.bridge4mobility.com\/ca\/wp-json\/wp\/v2\/comments?post=8725"}],"version-history":[{"count":0,"href":"https:\/\/www.bridge4mobility.com\/ca\/wp-json\/wp\/v2\/posts\/8725\/revisions"}],"wp:featuredmedia":[{"embeddable":true,"href":"https:\/\/www.bridge4mobility.com\/ca\/wp-json\/wp\/v2\/media\/8734"}],"wp:attachment":[{"href":"https:\/\/www.bridge4mobility.com\/ca\/wp-json\/wp\/v2\/media?parent=8725"}],"wp:term":[{"taxonomy":"category","embeddable":true,"href":"https:\/\/www.bridge4mobility.com\/ca\/wp-json\/wp\/v2\/categories?post=8725"},{"taxonomy":"post_tag","embeddable":true,"href":"https:\/\/www.bridge4mobility.com\/ca\/wp-json\/wp\/v2\/tags?post=8725"}],"curies":[{"name":"wp","href":"https:\/\/api.w.org\/{rel}","templated":true}]}}