{"id":5517,"date":"2017-09-05T17:47:56","date_gmt":"2017-09-05T16:47:56","guid":{"rendered":"https:\/\/www.bridge4mobility.com\/?p=5517"},"modified":"2018-03-20T10:14:49","modified_gmt":"2018-03-20T09:14:49","slug":"els-nois-i-noies-del-projecte-catazubi-2017-ja-volen-a-alemanya","status":"publish","type":"post","link":"https:\/\/www.bridge4mobility.com\/ca\/els-nois-i-noies-del-projecte-catazubi-2017-ja-volen-a-alemanya\/","title":{"rendered":"Els nois i noies del projecte CATAZUBI 2017 ja volen a Alemanya"},"content":{"rendered":"<p>Com cada any per aquestes dates, ha arribat el moment que els nois i noies que han participat en el projecte d&#8217;FP Dual que anomenem &#8220;CATAZUBI&#8221; volin cap a Alemanya.<\/p>\n<p>Segur que la majoria d&#8217;ells veien lluny el moment d&#8217;anar-se&#8217;n quan van decidir inscriure al projecte, per\u00f2 per fi ha arribat el moment. Han estat uns mesos molt intensos, de molts dubtes, nervis i sobretot de molt estudiar alemany. Encara que aix\u00f2 \u00e9s nom\u00e9s el principi del que els espera en la seva nova aventura. Coneixeran un nou pa\u00eds, una nova cultura, faran nous amics, aprendran una professi\u00f3 i a valer-se per si sols, a administrar la seva economia, en definitiva, viuran una experi\u00e8ncia que no oblidaran, tant per les coses bones com per les dolentes.<\/p>\n<p>Les professions que van a estudiar s\u00f3n molt variades. Des de les enfocades al sector de l&#8217;hostaleria fins professions m\u00e9s t\u00e8cniques com la mecatr\u00f2nica. Les destinacions s\u00f3n igualment variades, Berl\u00edn, Leipzig, Schwerin &#8230;<\/p>\n<p>Et deixo amb unes fotos que vam fer a l&#8217;aeroport quan vam anar a acomiadar-los:<br \/>\n&nbsp;<br \/>\n\n\t\t<style type=\"text\/css\">\n\t\t\t#gallery-1 {\n\t\t\t\tmargin: auto;\n\t\t\t}\n\t\t\t#gallery-1 .gallery-item {\n\t\t\t\tfloat: left;\n\t\t\t\tmargin-top: 10px;\n\t\t\t\ttext-align: center;\n\t\t\t\twidth: 33%;\n\t\t\t}\n\t\t\t#gallery-1 img {\n\t\t\t\tborder: 2px solid #cfcfcf;\n\t\t\t}\n\t\t\t#gallery-1 .gallery-caption {\n\t\t\t\tmargin-left: 0;\n\t\t\t}\n\t\t\t\/* see gallery_shortcode() in wp-includes\/media.php *\/\n\t\t<\/style>\n\t\t<div id='gallery-1' class='gallery galleryid-5517 gallery-columns-3 gallery-size-thumbnail'><dl class='gallery-item'>\n\t\t\t<dt class='gallery-icon landscape'>\n\t\t\t\t<a href='https:\/\/www.bridge4mobility.com\/wp-content\/uploads\/13-08-17-e1503909538203.jpg'><img width=\"150\" height=\"150\" src=\"https:\/\/www.bridge4mobility.com\/wp-content\/uploads\/13-08-17-e1503909538203-150x150.jpg\" class=\"attachment-thumbnail size-thumbnail\" alt=\"\" loading=\"lazy\" \/><\/a>\n\t\t\t<\/dt><\/dl><dl class='gallery-item'>\n\t\t\t<dt class='gallery-icon landscape'>\n\t\t\t\t<a href='https:\/\/www.bridge4mobility.com\/wp-content\/uploads\/16-08-17.jpg'><img width=\"150\" height=\"150\" src=\"https:\/\/www.bridge4mobility.com\/wp-content\/uploads\/16-08-17-150x150.jpg\" class=\"attachment-thumbnail size-thumbnail\" alt=\"\" loading=\"lazy\" \/><\/a>\n\t\t\t<\/dt><\/dl><dl class='gallery-item'>\n\t\t\t<dt class='gallery-icon landscape'>\n\t\t\t\t<a href='https:\/\/www.bridge4mobility.com\/wp-content\/uploads\/18-08-17.jpg'><img width=\"150\" height=\"150\" src=\"https:\/\/www.bridge4mobility.com\/wp-content\/uploads\/18-08-17-150x150.jpg\" class=\"attachment-thumbnail size-thumbnail\" alt=\"\" loading=\"lazy\" \/><\/a>\n\t\t\t<\/dt><\/dl><br style=\"clear: both\" \/><dl class='gallery-item'>\n\t\t\t<dt class='gallery-icon landscape'>\n\t\t\t\t<a href='https:\/\/www.bridge4mobility.com\/wp-content\/uploads\/19-08-17.jpg'><img width=\"150\" height=\"150\" src=\"https:\/\/www.bridge4mobility.com\/wp-content\/uploads\/19-08-17-150x150.jpg\" class=\"attachment-thumbnail size-thumbnail\" alt=\"\" loading=\"lazy\" \/><\/a>\n\t\t\t<\/dt><\/dl><dl class='gallery-item'>\n\t\t\t<dt class='gallery-icon landscape'>\n\t\t\t\t<a href='https:\/\/www.bridge4mobility.com\/wp-content\/uploads\/23-08-17.jpg'><img width=\"150\" height=\"150\" src=\"https:\/\/www.bridge4mobility.com\/wp-content\/uploads\/23-08-17-150x150.jpg\" class=\"attachment-thumbnail size-thumbnail\" alt=\"\" loading=\"lazy\" \/><\/a>\n\t\t\t<\/dt><\/dl><dl class='gallery-item'>\n\t\t\t<dt class='gallery-icon landscape'>\n\t\t\t\t<a href='https:\/\/www.bridge4mobility.com\/wp-content\/uploads\/25-08-17.jpg'><img width=\"150\" height=\"150\" src=\"https:\/\/www.bridge4mobility.com\/wp-content\/uploads\/25-08-17-150x150.jpg\" class=\"attachment-thumbnail size-thumbnail\" alt=\"\" loading=\"lazy\" \/><\/a>\n\t\t\t<\/dt><\/dl><br style=\"clear: both\" \/><dl class='gallery-item'>\n\t\t\t<dt class='gallery-icon landscape'>\n\t\t\t\t<a href='https:\/\/www.bridge4mobility.com\/wp-content\/uploads\/28-08-17.jpg'><img width=\"150\" height=\"150\" src=\"https:\/\/www.bridge4mobility.com\/wp-content\/uploads\/28-08-17-150x150.jpg\" class=\"attachment-thumbnail size-thumbnail\" alt=\"\" loading=\"lazy\" \/><\/a>\n\t\t\t<\/dt><\/dl><dl class='gallery-item'>\n\t\t\t<dt class='gallery-icon landscape'>\n\t\t\t\t<a href='https:\/\/www.bridge4mobility.com\/wp-content\/uploads\/29-08-17.jpeg'><img width=\"150\" height=\"150\" src=\"https:\/\/www.bridge4mobility.com\/wp-content\/uploads\/29-08-17-150x150.jpeg\" class=\"attachment-thumbnail size-thumbnail\" alt=\"\" loading=\"lazy\" \/><\/a>\n\t\t\t<\/dt><\/dl><dl class='gallery-item'>\n\t\t\t<dt class='gallery-icon landscape'>\n\t\t\t\t<a href='https:\/\/www.bridge4mobility.com\/wp-content\/uploads\/01-09-17.jpeg'><img width=\"150\" height=\"150\" src=\"https:\/\/www.bridge4mobility.com\/wp-content\/uploads\/01-09-17-150x150.jpeg\" class=\"attachment-thumbnail size-thumbnail\" alt=\"\" loading=\"lazy\" \/><\/a>\n\t\t\t<\/dt><\/dl><br style=\"clear: both\" \/>\n\t\t<\/div>\n\n","protected":false},"excerpt":{"rendered":"<p>Com cada any per aquestes dates, ha arribat el moment que els nois i noies que han participat en el projecte d&#8217;FP Dual que anomenem &#8220;CATAZUBI&#8221; volin cap a Alemanya. Segur que la majoria d&#8217;ells veien lluny el moment d&#8217;anar-se&#8217;n quan van decidir inscriure al projecte, per\u00f2 per fi ha arribat el moment. Han estat<\/p>\n","protected":false},"author":10,"featured_media":5508,"comment_status":"closed","ping_status":"closed","sticky":false,"template":"","format":"standard","meta":[],"categories":[23],"tags":[],"yoast_head":"<!-- This site is optimized with the Yoast SEO plugin v19.13 - https:\/\/yoast.com\/wordpress\/plugins\/seo\/ -->\n<title>Els nois i noies del projecte CATAZUBI 2017 ja volen a Alemanya - Bridge4Mobility<\/title>\n<meta name=\"robots\" content=\"index, follow, max-snippet:-1, max-image-preview:large, max-video-preview:-1\" \/>\n<link rel=\"canonical\" href=\"https:\/\/www.bridge4mobility.com\/ca\/els-nois-i-noies-del-projecte-catazubi-2017-ja-volen-a-alemanya\/\" \/>\n<meta property=\"og:locale\" content=\"ca_ES\" \/>\n<meta property=\"og:type\" content=\"article\" \/>\n<meta property=\"og:title\" content=\"Els nois i noies del projecte CATAZUBI 2017 ja volen a Alemanya - Bridge4Mobility\" \/>\n<meta property=\"og:description\" content=\"Com cada any per aquestes dates, ha arribat el moment que els nois i noies que han participat en el projecte d&#8217;FP Dual que anomenem &#8220;CATAZUBI&#8221; volin cap a Alemanya. Segur que la majoria d&#8217;ells veien lluny el moment d&#8217;anar-se&#8217;n quan van decidir inscriure al projecte, per\u00f2 per fi ha arribat el moment. Han estat\" \/>\n<meta property=\"og:url\" content=\"https:\/\/www.bridge4mobility.com\/ca\/els-nois-i-noies-del-projecte-catazubi-2017-ja-volen-a-alemanya\/\" \/>\n<meta property=\"og:site_name\" content=\"Bridge4Mobility\" \/>\n<meta property=\"article:published_time\" content=\"2017-09-05T16:47:56+00:00\" \/>\n<meta property=\"article:modified_time\" content=\"2018-03-20T09:14:49+00:00\" \/>\n<meta property=\"og:image\" content=\"https:\/\/www.bridge4mobility.com\/wp-content\/uploads\/avion.jpg\" \/>\n\t<meta property=\"og:image:width\" content=\"820\" \/>\n\t<meta property=\"og:image:height\" content=\"355\" \/>\n\t<meta property=\"og:image:type\" content=\"image\/jpeg\" \/>\n<meta name=\"author\" content=\"Benito Salda\u00f1a\" \/>\n<meta name=\"twitter:label1\" content=\"Escrit per\" \/>\n\t<meta name=\"twitter:data1\" content=\"Benito Salda\u00f1a\" \/>\n\t<meta name=\"twitter:label2\" content=\"Temps estimat de lectura\" \/>\n\t<meta name=\"twitter:data2\" content=\"1 minut\" \/>\n<script type=\"application\/ld+json\" class=\"yoast-schema-graph\">{\"@context\":\"https:\/\/schema.org\",\"@graph\":[{\"@type\":\"WebPage\",\"@id\":\"https:\/\/www.bridge4mobility.com\/ca\/els-nois-i-noies-del-projecte-catazubi-2017-ja-volen-a-alemanya\/\",\"url\":\"https:\/\/www.bridge4mobility.com\/ca\/els-nois-i-noies-del-projecte-catazubi-2017-ja-volen-a-alemanya\/\",\"name\":\"Els nois i noies del projecte CATAZUBI 2017 ja volen a Alemanya - Bridge4Mobility\",\"isPartOf\":{\"@id\":\"https:\/\/www.bridge4mobility.com\/de\/#website\"},\"datePublished\":\"2017-09-05T16:47:56+00:00\",\"dateModified\":\"2018-03-20T09:14:49+00:00\",\"author\":{\"@id\":\"https:\/\/www.bridge4mobility.com\/de\/#\/schema\/person\/6cdd5d5d6540cc233c4b3ff0f14ef99a\"},\"breadcrumb\":{\"@id\":\"https:\/\/www.bridge4mobility.com\/ca\/els-nois-i-noies-del-projecte-catazubi-2017-ja-volen-a-alemanya\/#breadcrumb\"},\"inLanguage\":\"ca\",\"potentialAction\":[{\"@type\":\"ReadAction\",\"target\":[\"https:\/\/www.bridge4mobility.com\/ca\/els-nois-i-noies-del-projecte-catazubi-2017-ja-volen-a-alemanya\/\"]}]},{\"@type\":\"BreadcrumbList\",\"@id\":\"https:\/\/www.bridge4mobility.com\/ca\/els-nois-i-noies-del-projecte-catazubi-2017-ja-volen-a-alemanya\/#breadcrumb\",\"itemListElement\":[{\"@type\":\"ListItem\",\"position\":1,\"name\":\"Home\",\"item\":\"https:\/\/www.bridge4mobility.com\/ca\/\"},{\"@type\":\"ListItem\",\"position\":2,\"name\":\"Els nois i noies del projecte CATAZUBI 2017 ja volen a Alemanya\"}]},{\"@type\":\"WebSite\",\"@id\":\"https:\/\/www.bridge4mobility.com\/de\/#website\",\"url\":\"https:\/\/www.bridge4mobility.com\/de\/\",\"name\":\"Bridge4Mobility\",\"description\":\"Qualifizierte Fachkr\u00e4fte aus Spanien\",\"potentialAction\":[{\"@type\":\"SearchAction\",\"target\":{\"@type\":\"EntryPoint\",\"urlTemplate\":\"https:\/\/www.bridge4mobility.com\/de\/?s={search_term_string}\"},\"query-input\":\"required name=search_term_string\"}],\"inLanguage\":\"ca\"},{\"@type\":\"Person\",\"@id\":\"https:\/\/www.bridge4mobility.com\/de\/#\/schema\/person\/6cdd5d5d6540cc233c4b3ff0f14ef99a\",\"name\":\"Benito Salda\u00f1a\",\"image\":{\"@type\":\"ImageObject\",\"inLanguage\":\"ca\",\"@id\":\"https:\/\/www.bridge4mobility.com\/de\/#\/schema\/person\/image\/\",\"url\":\"https:\/\/www.bridge4mobility.com\/wp-content\/uploads\/letter-avatar\/b64acf6be2a2c535c3ae165a55955493.svg\",\"contentUrl\":\"https:\/\/www.bridge4mobility.com\/wp-content\/uploads\/letter-avatar\/b64acf6be2a2c535c3ae165a55955493.svg\",\"caption\":\"Benito Salda\u00f1a\"},\"description\":\"Test CDamm\",\"url\":\"https:\/\/www.bridge4mobility.com\/ca\/author\/benito\/\"}]}<\/script>\n<!-- \/ Yoast SEO plugin. -->","yoast_head_json":{"title":"Els nois i noies del projecte CATAZUBI 2017 ja volen a Alemanya - Bridge4Mobility","robots":{"index":"index","follow":"follow","max-snippet":"max-snippet:-1","max-image-preview":"max-image-preview:large","max-video-preview":"max-video-preview:-1"},"canonical":"https:\/\/www.bridge4mobility.com\/ca\/els-nois-i-noies-del-projecte-catazubi-2017-ja-volen-a-alemanya\/","og_locale":"ca_ES","og_type":"article","og_title":"Els nois i noies del projecte CATAZUBI 2017 ja volen a Alemanya - Bridge4Mobility","og_description":"Com cada any per aquestes dates, ha arribat el moment que els nois i noies que han participat en el projecte d&#8217;FP Dual que anomenem &#8220;CATAZUBI&#8221; volin cap a Alemanya. Segur que la majoria d&#8217;ells veien lluny el moment d&#8217;anar-se&#8217;n quan van decidir inscriure al projecte, per\u00f2 per fi ha arribat el moment. Han estat","og_url":"https:\/\/www.bridge4mobility.com\/ca\/els-nois-i-noies-del-projecte-catazubi-2017-ja-volen-a-alemanya\/","og_site_name":"Bridge4Mobility","article_published_time":"2017-09-05T16:47:56+00:00","article_modified_time":"2018-03-20T09:14:49+00:00","og_image":[{"width":820,"height":355,"url":"https:\/\/www.bridge4mobility.com\/wp-content\/uploads\/avion.jpg","type":"image\/jpeg"}],"author":"Benito Salda\u00f1a","twitter_misc":{"Escrit per":"Benito Salda\u00f1a","Temps estimat de lectura":"1 minut"},"schema":{"@context":"https:\/\/schema.org","@graph":[{"@type":"WebPage","@id":"https:\/\/www.bridge4mobility.com\/ca\/els-nois-i-noies-del-projecte-catazubi-2017-ja-volen-a-alemanya\/","url":"https:\/\/www.bridge4mobility.com\/ca\/els-nois-i-noies-del-projecte-catazubi-2017-ja-volen-a-alemanya\/","name":"Els nois i noies del projecte CATAZUBI 2017 ja volen a Alemanya - Bridge4Mobility","isPartOf":{"@id":"https:\/\/www.bridge4mobility.com\/de\/#website"},"datePublished":"2017-09-05T16:47:56+00:00","dateModified":"2018-03-20T09:14:49+00:00","author":{"@id":"https:\/\/www.bridge4mobility.com\/de\/#\/schema\/person\/6cdd5d5d6540cc233c4b3ff0f14ef99a"},"breadcrumb":{"@id":"https:\/\/www.bridge4mobility.com\/ca\/els-nois-i-noies-del-projecte-catazubi-2017-ja-volen-a-alemanya\/#breadcrumb"},"inLanguage":"ca","potentialAction":[{"@type":"ReadAction","target":["https:\/\/www.bridge4mobility.com\/ca\/els-nois-i-noies-del-projecte-catazubi-2017-ja-volen-a-alemanya\/"]}]},{"@type":"BreadcrumbList","@id":"https:\/\/www.bridge4mobility.com\/ca\/els-nois-i-noies-del-projecte-catazubi-2017-ja-volen-a-alemanya\/#breadcrumb","itemListElement":[{"@type":"ListItem","position":1,"name":"Home","item":"https:\/\/www.bridge4mobility.com\/ca\/"},{"@type":"ListItem","position":2,"name":"Els nois i noies del projecte CATAZUBI 2017 ja volen a Alemanya"}]},{"@type":"WebSite","@id":"https:\/\/www.bridge4mobility.com\/de\/#website","url":"https:\/\/www.bridge4mobility.com\/de\/","name":"Bridge4Mobility","description":"Qualifizierte Fachkr\u00e4fte aus Spanien","potentialAction":[{"@type":"SearchAction","target":{"@type":"EntryPoint","urlTemplate":"https:\/\/www.bridge4mobility.com\/de\/?s={search_term_string}"},"query-input":"required name=search_term_string"}],"inLanguage":"ca"},{"@type":"Person","@id":"https:\/\/www.bridge4mobility.com\/de\/#\/schema\/person\/6cdd5d5d6540cc233c4b3ff0f14ef99a","name":"Benito Salda\u00f1a","image":{"@type":"ImageObject","inLanguage":"ca","@id":"https:\/\/www.bridge4mobility.com\/de\/#\/schema\/person\/image\/","url":"https:\/\/www.bridge4mobility.com\/wp-content\/uploads\/letter-avatar\/b64acf6be2a2c535c3ae165a55955493.svg","contentUrl":"https:\/\/www.bridge4mobility.com\/wp-content\/uploads\/letter-avatar\/b64acf6be2a2c535c3ae165a55955493.svg","caption":"Benito Salda\u00f1a"},"description":"Test CDamm","url":"https:\/\/www.bridge4mobility.com\/ca\/author\/benito\/"}]}},"_links":{"self":[{"href":"https:\/\/www.bridge4mobility.com\/ca\/wp-json\/wp\/v2\/posts\/5517"}],"collection":[{"href":"https:\/\/www.bridge4mobility.com\/ca\/wp-json\/wp\/v2\/posts"}],"about":[{"href":"https:\/\/www.bridge4mobility.com\/ca\/wp-json\/wp\/v2\/types\/post"}],"author":[{"embeddable":true,"href":"https:\/\/www.bridge4mobility.com\/ca\/wp-json\/wp\/v2\/users\/10"}],"replies":[{"embeddable":true,"href":"https:\/\/www.bridge4mobility.com\/ca\/wp-json\/wp\/v2\/comments?post=5517"}],"version-history":[{"count":0,"href":"https:\/\/www.bridge4mobility.com\/ca\/wp-json\/wp\/v2\/posts\/5517\/revisions"}],"wp:featuredmedia":[{"embeddable":true,"href":"https:\/\/www.bridge4mobility.com\/ca\/wp-json\/wp\/v2\/media\/5508"}],"wp:attachment":[{"href":"https:\/\/www.bridge4mobility.com\/ca\/wp-json\/wp\/v2\/media?parent=5517"}],"wp:term":[{"taxonomy":"category","embeddable":true,"href":"https:\/\/www.bridge4mobility.com\/ca\/wp-json\/wp\/v2\/categories?post=5517"},{"taxonomy":"post_tag","embeddable":true,"href":"https:\/\/www.bridge4mobility.com\/ca\/wp-json\/wp\/v2\/tags?post=5517"}],"curies":[{"name":"wp","href":"https:\/\/api.w.org\/{rel}","templated":true}]}}