{"id":5313,"date":"2017-06-30T09:41:11","date_gmt":"2017-06-30T08:41:11","guid":{"rendered":"https:\/\/www.bridge4mobility.com\/?p=5313"},"modified":"2017-06-30T09:41:11","modified_gmt":"2017-06-30T08:41:11","slug":"b4m-a-la-sisena-edicio-daustria-connect-a-barcelona","status":"publish","type":"post","link":"https:\/\/www.bridge4mobility.com\/ca\/b4m-a-la-sisena-edicio-daustria-connect-a-barcelona\/","title":{"rendered":"B4M a la sisena edici\u00f3 d\u00b4\u00c0ustria Connect a Barcelona"},"content":{"rendered":"<p>Del 8 al 9 de Juny de 2017 va celebrar a Barcelona la sisena edici\u00f3 d&#8217;\u00c0ustria Connect, sota el t\u00edtol &#8220;New Business and digital transformation&#8221; amb un intens i variat programa. La pres\u00e8ncia d&#8217;empresaris i inversors austr\u00edacs va ajudar en gran mesura a fomentar l&#8217;intercanvi d&#8217;idees, crear i potenciar xarxes de contacte i tenir acc\u00e9s a informaci\u00f3 de primera m\u00e0 sobre les \u00faltimes tend\u00e8ncies en els mercats d&#8217;\u00c0ustria, Espanya i Portugal.<\/p>\n<p>Aquest any les confer\u00e8ncies van estar a c\u00e0rrec de ponents de renom, com Aleix Valls, CEO de Mobile World Capital, Fabian Simmer (SEAT), Sylvia Rausch (SABA), el professor especialitzat en transformaci\u00f3 digital Manuel Alonso de l&#8217;IE Business School i la vicepresidenta de la Cambra de Comer\u00e7 d&#8217;\u00c0ustria entre d&#8217;altres.<\/p>\n<p>L&#8217;organitzador de l&#8217;esdeveniment, Advantage \u00c0ustria, compta amb unes 110 oficines en m\u00e9s de 70 pa\u00efsos de tot el m\u00f3n i ofereix una \u00e0mplia gamma de serveis entre els quals destaquen la presa de contacte amb empreses austr\u00edaques que busquen importadors, distribu\u00efdors o representants.<\/p>\n<p>Manfred Bauer va assistir a l&#8217;esdeveniment en nom de Bridge4Mobility. &#8220;Ahir i dijous vaig tenir el plaer de representar B4M al \u00c0ustria Connect Event, celebrat al meravell\u00f3s empla\u00e7ament de l&#8217;Hospital Sant Pau. Al voltant de 100 representants d&#8217;empreses i institucions, procedents d&#8217;\u00c0ustria, Alemanya, Portugal, Espanya i Su\u00efssa, van aprofitar l&#8217;ocasi\u00f3 per debatre els desafiaments relacionats amb la digitalitzaci\u00f3 dels negocis i la realitzaci\u00f3 d&#8217;activitats en xarxa. Gran esdeveniment, felicitats als amfitrions! &#8220;, Diu Manfred.<\/p>\n<p>Pots descarregar el programa de l&#8217;esdeveniment en format PDF des d&#8217;aquest link: <a href=\"https:\/\/www.b2match.eu\/system\/austriaconnectiberia2017\/files\/AUSTRIA_CONNECT_Iberian_Peninsula_2017_Program.pdf?1494239684\" target=\"_blank\">www.b2match.eu<\/a><br \/>\n&nbsp;<\/p>\n<p><img loading=\"lazy\" src=\"https:\/\/www.bridge4mobility.com\/wp-content\/uploads\/banner_original.png\" alt=\"banner_original\" width=\"1300\" height=\"251\" class=\"aligncenter size-full wp-image-7565\" \/><\/p>\n<p>&nbsp;<br \/>\n\n\t\t<style type=\"text\/css\">\n\t\t\t#gallery-1 {\n\t\t\t\tmargin: auto;\n\t\t\t}\n\t\t\t#gallery-1 .gallery-item {\n\t\t\t\tfloat: left;\n\t\t\t\tmargin-top: 10px;\n\t\t\t\ttext-align: center;\n\t\t\t\twidth: 100%;\n\t\t\t}\n\t\t\t#gallery-1 img {\n\t\t\t\tborder: 2px solid #cfcfcf;\n\t\t\t}\n\t\t\t#gallery-1 .gallery-caption {\n\t\t\t\tmargin-left: 0;\n\t\t\t}\n\t\t\t\/* see gallery_shortcode() in wp-includes\/media.php *\/\n\t\t<\/style>\n\t\t<div id='gallery-1' class='gallery galleryid-5313 gallery-columns-1 gallery-size-large'><dl class='gallery-item'>\n\t\t\t<dt class='gallery-icon landscape'>\n\t\t\t\t<a href='https:\/\/www.bridge4mobility.com\/de\/img_1632\/'><img width=\"640\" height=\"480\" src=\"https:\/\/www.bridge4mobility.com\/wp-content\/uploads\/IMG_1632.jpg\" class=\"attachment-large size-large\" alt=\"\" loading=\"lazy\" srcset=\"https:\/\/www.bridge4mobility.com\/wp-content\/uploads\/IMG_1632.jpg 640w, https:\/\/www.bridge4mobility.com\/wp-content\/uploads\/IMG_1632-300x225.jpg 300w\" sizes=\"(max-width: 640px) 100vw, 640px\" \/><\/a>\n\t\t\t<\/dt><\/dl><br style=\"clear: both\" \/><dl class='gallery-item'>\n\t\t\t<dt class='gallery-icon landscape'>\n\t\t\t\t<a href='https:\/\/www.bridge4mobility.com\/de\/img_1633\/'><img width=\"640\" height=\"480\" src=\"https:\/\/www.bridge4mobility.com\/wp-content\/uploads\/IMG_1633.jpg\" class=\"attachment-large size-large\" alt=\"\" loading=\"lazy\" srcset=\"https:\/\/www.bridge4mobility.com\/wp-content\/uploads\/IMG_1633.jpg 640w, https:\/\/www.bridge4mobility.com\/wp-content\/uploads\/IMG_1633-300x225.jpg 300w\" sizes=\"(max-width: 640px) 100vw, 640px\" \/><\/a>\n\t\t\t<\/dt><\/dl><br style=\"clear: both\" \/><dl class='gallery-item'>\n\t\t\t<dt class='gallery-icon landscape'>\n\t\t\t\t<a href='https:\/\/www.bridge4mobility.com\/de\/img_1634\/'><img width=\"640\" height=\"480\" src=\"https:\/\/www.bridge4mobility.com\/wp-content\/uploads\/IMG_1634.jpg\" class=\"attachment-large size-large\" alt=\"\" loading=\"lazy\" srcset=\"https:\/\/www.bridge4mobility.com\/wp-content\/uploads\/IMG_1634.jpg 640w, https:\/\/www.bridge4mobility.com\/wp-content\/uploads\/IMG_1634-300x225.jpg 300w\" sizes=\"(max-width: 640px) 100vw, 640px\" \/><\/a>\n\t\t\t<\/dt><\/dl><br style=\"clear: both\" \/><dl class='gallery-item'>\n\t\t\t<dt class='gallery-icon landscape'>\n\t\t\t\t<a href='https:\/\/www.bridge4mobility.com\/de\/img_1635\/'><img width=\"640\" height=\"480\" src=\"https:\/\/www.bridge4mobility.com\/wp-content\/uploads\/IMG_1635.jpg\" class=\"attachment-large size-large\" alt=\"\" loading=\"lazy\" srcset=\"https:\/\/www.bridge4mobility.com\/wp-content\/uploads\/IMG_1635.jpg 640w, https:\/\/www.bridge4mobility.com\/wp-content\/uploads\/IMG_1635-300x225.jpg 300w\" sizes=\"(max-width: 640px) 100vw, 640px\" \/><\/a>\n\t\t\t<\/dt><\/dl><br style=\"clear: both\" \/><dl class='gallery-item'>\n\t\t\t<dt class='gallery-icon landscape'>\n\t\t\t\t<a href='https:\/\/www.bridge4mobility.com\/de\/img_1636\/'><img width=\"640\" height=\"480\" src=\"https:\/\/www.bridge4mobility.com\/wp-content\/uploads\/IMG_1636.jpg\" class=\"attachment-large size-large\" alt=\"\" loading=\"lazy\" srcset=\"https:\/\/www.bridge4mobility.com\/wp-content\/uploads\/IMG_1636.jpg 640w, https:\/\/www.bridge4mobility.com\/wp-content\/uploads\/IMG_1636-300x225.jpg 300w\" sizes=\"(max-width: 640px) 100vw, 640px\" \/><\/a>\n\t\t\t<\/dt><\/dl><br style=\"clear: both\" \/><dl class='gallery-item'>\n\t\t\t<dt class='gallery-icon landscape'>\n\t\t\t\t<a href='https:\/\/www.bridge4mobility.com\/de\/img_1638\/'><img width=\"640\" height=\"480\" src=\"https:\/\/www.bridge4mobility.com\/wp-content\/uploads\/IMG_1638.jpg\" class=\"attachment-large size-large\" alt=\"\" loading=\"lazy\" srcset=\"https:\/\/www.bridge4mobility.com\/wp-content\/uploads\/IMG_1638.jpg 640w, https:\/\/www.bridge4mobility.com\/wp-content\/uploads\/IMG_1638-300x225.jpg 300w\" sizes=\"(max-width: 640px) 100vw, 640px\" \/><\/a>\n\t\t\t<\/dt><\/dl><br style=\"clear: both\" \/><dl class='gallery-item'>\n\t\t\t<dt class='gallery-icon portrait'>\n\t\t\t\t<a href='https:\/\/www.bridge4mobility.com\/de\/img_1653\/'><img width=\"480\" height=\"640\" src=\"https:\/\/www.bridge4mobility.com\/wp-content\/uploads\/IMG_1653-e1498810366394.jpg\" class=\"attachment-large size-large\" alt=\"\" loading=\"lazy\" srcset=\"https:\/\/www.bridge4mobility.com\/wp-content\/uploads\/IMG_1653-e1498810366394.jpg 480w, https:\/\/www.bridge4mobility.com\/wp-content\/uploads\/IMG_1653-e1498810366394-225x300.jpg 225w\" sizes=\"(max-width: 480px) 100vw, 480px\" \/><\/a>\n\t\t\t<\/dt><\/dl><br style=\"clear: both\" \/>\n\t\t<\/div>\n\n","protected":false},"excerpt":{"rendered":"<p>Del 8 al 9 de Juny de 2017 va celebrar a Barcelona la sisena edici\u00f3 d&#8217;\u00c0ustria Connect, sota el t\u00edtol &#8220;New Business and digital transformation&#8221; amb un intens i variat programa. La pres\u00e8ncia d&#8217;empresaris i inversors austr\u00edacs va ajudar en gran mesura a fomentar l&#8217;intercanvi d&#8217;idees, crear i potenciar xarxes de contacte i tenir acc\u00e9s<\/p>\n","protected":false},"author":10,"featured_media":5305,"comment_status":"closed","ping_status":"closed","sticky":false,"template":"","format":"standard","meta":[],"categories":[23],"tags":[],"yoast_head":"<!-- This site is optimized with the Yoast SEO plugin v19.13 - https:\/\/yoast.com\/wordpress\/plugins\/seo\/ -->\n<title>B4M a la sisena edici\u00f3 d\u00b4\u00c0ustria Connect a Barcelona - Bridge4Mobility<\/title>\n<meta name=\"robots\" content=\"index, follow, max-snippet:-1, max-image-preview:large, max-video-preview:-1\" \/>\n<link rel=\"canonical\" href=\"https:\/\/www.bridge4mobility.com\/ca\/b4m-a-la-sisena-edicio-daustria-connect-a-barcelona\/\" \/>\n<meta property=\"og:locale\" content=\"ca_ES\" \/>\n<meta property=\"og:type\" content=\"article\" \/>\n<meta property=\"og:title\" content=\"B4M a la sisena edici\u00f3 d\u00b4\u00c0ustria Connect a Barcelona - Bridge4Mobility\" \/>\n<meta property=\"og:description\" content=\"Del 8 al 9 de Juny de 2017 va celebrar a Barcelona la sisena edici\u00f3 d&#8217;\u00c0ustria Connect, sota el t\u00edtol &#8220;New Business and digital transformation&#8221; amb un intens i variat programa. La pres\u00e8ncia d&#8217;empresaris i inversors austr\u00edacs va ajudar en gran mesura a fomentar l&#8217;intercanvi d&#8217;idees, crear i potenciar xarxes de contacte i tenir acc\u00e9s\" \/>\n<meta property=\"og:url\" content=\"https:\/\/www.bridge4mobility.com\/ca\/b4m-a-la-sisena-edicio-daustria-connect-a-barcelona\/\" \/>\n<meta property=\"og:site_name\" content=\"Bridge4Mobility\" \/>\n<meta property=\"article:published_time\" content=\"2017-06-30T08:41:11+00:00\" \/>\n<meta property=\"og:image\" content=\"https:\/\/www.bridge4mobility.com\/wp-content\/uploads\/IMG_1648.jpg\" \/>\n\t<meta property=\"og:image:width\" content=\"640\" \/>\n\t<meta property=\"og:image:height\" content=\"480\" \/>\n\t<meta property=\"og:image:type\" content=\"image\/jpeg\" \/>\n<meta name=\"author\" content=\"Benito Salda\u00f1a\" \/>\n<meta name=\"twitter:label1\" content=\"Escrit per\" \/>\n\t<meta name=\"twitter:data1\" content=\"Benito Salda\u00f1a\" \/>\n\t<meta name=\"twitter:label2\" content=\"Temps estimat de lectura\" \/>\n\t<meta name=\"twitter:data2\" content=\"1 minut\" \/>\n<script type=\"application\/ld+json\" class=\"yoast-schema-graph\">{\"@context\":\"https:\/\/schema.org\",\"@graph\":[{\"@type\":\"WebPage\",\"@id\":\"https:\/\/www.bridge4mobility.com\/ca\/b4m-a-la-sisena-edicio-daustria-connect-a-barcelona\/\",\"url\":\"https:\/\/www.bridge4mobility.com\/ca\/b4m-a-la-sisena-edicio-daustria-connect-a-barcelona\/\",\"name\":\"B4M a la sisena edici\u00f3 d\u00b4\u00c0ustria Connect a Barcelona - Bridge4Mobility\",\"isPartOf\":{\"@id\":\"https:\/\/www.bridge4mobility.com\/de\/#website\"},\"datePublished\":\"2017-06-30T08:41:11+00:00\",\"dateModified\":\"2017-06-30T08:41:11+00:00\",\"author\":{\"@id\":\"https:\/\/www.bridge4mobility.com\/de\/#\/schema\/person\/6cdd5d5d6540cc233c4b3ff0f14ef99a\"},\"breadcrumb\":{\"@id\":\"https:\/\/www.bridge4mobility.com\/ca\/b4m-a-la-sisena-edicio-daustria-connect-a-barcelona\/#breadcrumb\"},\"inLanguage\":\"ca\",\"potentialAction\":[{\"@type\":\"ReadAction\",\"target\":[\"https:\/\/www.bridge4mobility.com\/ca\/b4m-a-la-sisena-edicio-daustria-connect-a-barcelona\/\"]}]},{\"@type\":\"BreadcrumbList\",\"@id\":\"https:\/\/www.bridge4mobility.com\/ca\/b4m-a-la-sisena-edicio-daustria-connect-a-barcelona\/#breadcrumb\",\"itemListElement\":[{\"@type\":\"ListItem\",\"position\":1,\"name\":\"Home\",\"item\":\"https:\/\/www.bridge4mobility.com\/ca\/\"},{\"@type\":\"ListItem\",\"position\":2,\"name\":\"B4M a la sisena edici\u00f3 d\u00b4\u00c0ustria Connect a Barcelona\"}]},{\"@type\":\"WebSite\",\"@id\":\"https:\/\/www.bridge4mobility.com\/de\/#website\",\"url\":\"https:\/\/www.bridge4mobility.com\/de\/\",\"name\":\"Bridge4Mobility\",\"description\":\"Qualifizierte Fachkr\u00e4fte aus Spanien\",\"potentialAction\":[{\"@type\":\"SearchAction\",\"target\":{\"@type\":\"EntryPoint\",\"urlTemplate\":\"https:\/\/www.bridge4mobility.com\/de\/?s={search_term_string}\"},\"query-input\":\"required name=search_term_string\"}],\"inLanguage\":\"ca\"},{\"@type\":\"Person\",\"@id\":\"https:\/\/www.bridge4mobility.com\/de\/#\/schema\/person\/6cdd5d5d6540cc233c4b3ff0f14ef99a\",\"name\":\"Benito Salda\u00f1a\",\"image\":{\"@type\":\"ImageObject\",\"inLanguage\":\"ca\",\"@id\":\"https:\/\/www.bridge4mobility.com\/de\/#\/schema\/person\/image\/\",\"url\":\"https:\/\/www.bridge4mobility.com\/wp-content\/uploads\/letter-avatar\/b64acf6be2a2c535c3ae165a55955493.svg\",\"contentUrl\":\"https:\/\/www.bridge4mobility.com\/wp-content\/uploads\/letter-avatar\/b64acf6be2a2c535c3ae165a55955493.svg\",\"caption\":\"Benito Salda\u00f1a\"},\"description\":\"Test CDamm\",\"url\":\"https:\/\/www.bridge4mobility.com\/ca\/author\/benito\/\"}]}<\/script>\n<!-- \/ Yoast SEO plugin. -->","yoast_head_json":{"title":"B4M a la sisena edici\u00f3 d\u00b4\u00c0ustria Connect a Barcelona - Bridge4Mobility","robots":{"index":"index","follow":"follow","max-snippet":"max-snippet:-1","max-image-preview":"max-image-preview:large","max-video-preview":"max-video-preview:-1"},"canonical":"https:\/\/www.bridge4mobility.com\/ca\/b4m-a-la-sisena-edicio-daustria-connect-a-barcelona\/","og_locale":"ca_ES","og_type":"article","og_title":"B4M a la sisena edici\u00f3 d\u00b4\u00c0ustria Connect a Barcelona - Bridge4Mobility","og_description":"Del 8 al 9 de Juny de 2017 va celebrar a Barcelona la sisena edici\u00f3 d&#8217;\u00c0ustria Connect, sota el t\u00edtol &#8220;New Business and digital transformation&#8221; amb un intens i variat programa. La pres\u00e8ncia d&#8217;empresaris i inversors austr\u00edacs va ajudar en gran mesura a fomentar l&#8217;intercanvi d&#8217;idees, crear i potenciar xarxes de contacte i tenir acc\u00e9s","og_url":"https:\/\/www.bridge4mobility.com\/ca\/b4m-a-la-sisena-edicio-daustria-connect-a-barcelona\/","og_site_name":"Bridge4Mobility","article_published_time":"2017-06-30T08:41:11+00:00","og_image":[{"width":640,"height":480,"url":"https:\/\/www.bridge4mobility.com\/wp-content\/uploads\/IMG_1648.jpg","type":"image\/jpeg"}],"author":"Benito Salda\u00f1a","twitter_misc":{"Escrit per":"Benito Salda\u00f1a","Temps estimat de lectura":"1 minut"},"schema":{"@context":"https:\/\/schema.org","@graph":[{"@type":"WebPage","@id":"https:\/\/www.bridge4mobility.com\/ca\/b4m-a-la-sisena-edicio-daustria-connect-a-barcelona\/","url":"https:\/\/www.bridge4mobility.com\/ca\/b4m-a-la-sisena-edicio-daustria-connect-a-barcelona\/","name":"B4M a la sisena edici\u00f3 d\u00b4\u00c0ustria Connect a Barcelona - Bridge4Mobility","isPartOf":{"@id":"https:\/\/www.bridge4mobility.com\/de\/#website"},"datePublished":"2017-06-30T08:41:11+00:00","dateModified":"2017-06-30T08:41:11+00:00","author":{"@id":"https:\/\/www.bridge4mobility.com\/de\/#\/schema\/person\/6cdd5d5d6540cc233c4b3ff0f14ef99a"},"breadcrumb":{"@id":"https:\/\/www.bridge4mobility.com\/ca\/b4m-a-la-sisena-edicio-daustria-connect-a-barcelona\/#breadcrumb"},"inLanguage":"ca","potentialAction":[{"@type":"ReadAction","target":["https:\/\/www.bridge4mobility.com\/ca\/b4m-a-la-sisena-edicio-daustria-connect-a-barcelona\/"]}]},{"@type":"BreadcrumbList","@id":"https:\/\/www.bridge4mobility.com\/ca\/b4m-a-la-sisena-edicio-daustria-connect-a-barcelona\/#breadcrumb","itemListElement":[{"@type":"ListItem","position":1,"name":"Home","item":"https:\/\/www.bridge4mobility.com\/ca\/"},{"@type":"ListItem","position":2,"name":"B4M a la sisena edici\u00f3 d\u00b4\u00c0ustria Connect a Barcelona"}]},{"@type":"WebSite","@id":"https:\/\/www.bridge4mobility.com\/de\/#website","url":"https:\/\/www.bridge4mobility.com\/de\/","name":"Bridge4Mobility","description":"Qualifizierte Fachkr\u00e4fte aus Spanien","potentialAction":[{"@type":"SearchAction","target":{"@type":"EntryPoint","urlTemplate":"https:\/\/www.bridge4mobility.com\/de\/?s={search_term_string}"},"query-input":"required name=search_term_string"}],"inLanguage":"ca"},{"@type":"Person","@id":"https:\/\/www.bridge4mobility.com\/de\/#\/schema\/person\/6cdd5d5d6540cc233c4b3ff0f14ef99a","name":"Benito Salda\u00f1a","image":{"@type":"ImageObject","inLanguage":"ca","@id":"https:\/\/www.bridge4mobility.com\/de\/#\/schema\/person\/image\/","url":"https:\/\/www.bridge4mobility.com\/wp-content\/uploads\/letter-avatar\/b64acf6be2a2c535c3ae165a55955493.svg","contentUrl":"https:\/\/www.bridge4mobility.com\/wp-content\/uploads\/letter-avatar\/b64acf6be2a2c535c3ae165a55955493.svg","caption":"Benito Salda\u00f1a"},"description":"Test CDamm","url":"https:\/\/www.bridge4mobility.com\/ca\/author\/benito\/"}]}},"_links":{"self":[{"href":"https:\/\/www.bridge4mobility.com\/ca\/wp-json\/wp\/v2\/posts\/5313"}],"collection":[{"href":"https:\/\/www.bridge4mobility.com\/ca\/wp-json\/wp\/v2\/posts"}],"about":[{"href":"https:\/\/www.bridge4mobility.com\/ca\/wp-json\/wp\/v2\/types\/post"}],"author":[{"embeddable":true,"href":"https:\/\/www.bridge4mobility.com\/ca\/wp-json\/wp\/v2\/users\/10"}],"replies":[{"embeddable":true,"href":"https:\/\/www.bridge4mobility.com\/ca\/wp-json\/wp\/v2\/comments?post=5313"}],"version-history":[{"count":0,"href":"https:\/\/www.bridge4mobility.com\/ca\/wp-json\/wp\/v2\/posts\/5313\/revisions"}],"wp:featuredmedia":[{"embeddable":true,"href":"https:\/\/www.bridge4mobility.com\/ca\/wp-json\/wp\/v2\/media\/5305"}],"wp:attachment":[{"href":"https:\/\/www.bridge4mobility.com\/ca\/wp-json\/wp\/v2\/media?parent=5313"}],"wp:term":[{"taxonomy":"category","embeddable":true,"href":"https:\/\/www.bridge4mobility.com\/ca\/wp-json\/wp\/v2\/categories?post=5313"},{"taxonomy":"post_tag","embeddable":true,"href":"https:\/\/www.bridge4mobility.com\/ca\/wp-json\/wp\/v2\/tags?post=5313"}],"curies":[{"name":"wp","href":"https:\/\/api.w.org\/{rel}","templated":true}]}}