{"id":5206,"date":"2017-05-25T09:38:30","date_gmt":"2017-05-25T08:38:30","guid":{"rendered":"https:\/\/www.bridge4mobility.com\/?p=5206"},"modified":"2017-05-25T09:38:30","modified_gmt":"2017-05-25T08:38:30","slug":"la-llengua-de-goethe-empeny","status":"publish","type":"post","link":"https:\/\/www.bridge4mobility.com\/ca\/la-llengua-de-goethe-empeny\/","title":{"rendered":"La llengua de Goethe empeny"},"content":{"rendered":"<p>Amb l\u2019angl\u00e8s com a idioma incontestable per moure\u2019s pel m\u00f3n, l\u2019aprenentatge d\u2019altres lleng\u00fces estrangeres de pes internacional es referma com una manera d\u2019incrementar opcions laborals, culturals i d\u2019intercanvi en general. L\u2019alemany, la llengua materna m\u00e9s parlada a la Uni\u00f3 Europea \u2013territori que al seu torn \u00e9s el que reuneix la majoria dels 103,5 milions de parlants natius d\u2019alemany que hi ha al m\u00f3n\u2013, ha guanyat els \u00faltims anys gran espai en l\u2019aposta educativa.<\/p>\n<p>El 2010 estudiaven la llengua de Goethe al m\u00f3n 14,9 milions de persones; el 2015 ja eren 15,4 milions; i la tend\u00e8ncia a l\u2019al\u00e7a continua. Proporciona les xifres el fil\u00f2leg i socioling\u00fcista germ\u00e0nic Ulrich Ammon, autor del llibre Die Stellung(La posici\u00f3 de la llengua alemanya al m\u00f3n), publicat fa any i mig.<\/p>\n<p>\u201cLa ra\u00f3 de m\u00e9s pes per al creixent atractiu de la llengua alemanya \u00e9s probablement l\u2019estabilitat econ\u00f2mica dels pa\u00efsos de parla alemanya com Alemanya, \u00c0ustria i Su\u00efssa, que ofereixen interessants opcions d\u2019 estada per estudiar, treballar, fer pr\u00e0ctiques o fins i tot per a visites tur\u00edstiques\u201d, sost\u00e9 Ammon des de la Universitat de Duisburg- Essen (land de Rin del Nord-Westf\u00e0lia, a l\u2019oest del pa\u00eds), on desenvolupa la seva activitat docent i investigadora. \u201cEn comparaci\u00f3 amb altres lleng\u00fces estrangeres, els pa\u00efsos de parla alemanya presenten un continu creixement econ\u00f2mic i estabilitat pol\u00edtica\u201d, recalca Ammon.<\/p>\n<p>L\u2019alemany \u00e9s llengua oficial a Alemanya, \u00c0ustria i Liechtenstein, cooficial a Su\u00efssa i Luxemburg, i a escala regional tamb\u00e9 \u00e9s cooficial en zones de B\u00e8lgica i It\u00e0lia (Alto Adige). El socioling\u00fcista cita tamb\u00e9 com a fet il\u00b7lustratiu que \u201c Alemanya ocupa avui amb Fran\u00e7a el tercer lloc en nombre d\u2019estudiants estrangers, darrere dels Estats Units i el Regne Unit,\u201d, i afegeix que \u201ctamb\u00e9 empreses alemanyes que operen a l\u2019estranger, ja sigui de forma independent o en joint ventures, sovint ofereixen llocs de treball interessants\u201d.<\/p>\n<p>&nbsp;<\/p>\n<p><img loading=\"lazy\" src=\"https:\/\/www.bridge4mobility.com\/wp-content\/uploads\/alem\u00e1n-lengua-materna-m\u00e1s-estudiada.png\" alt=\"alem\u00e1n lengua materna m\u00e1s estudiada\" width=\"656\" height=\"277\" class=\"aligncenter size-full wp-image-7313\" \/><\/p>\n<p>&nbsp;<\/p>\n<p>De fet, a la mateixa Alemanya el cas \u00e9s aquest. Segons els ministeris alemanys d\u2019 Economia i Energia, i de Treball i Afers Socials, els professionals m\u00e9s sol\u00b7licitats en aquest pa\u00eds i la demanda dels quals no s\u2019est\u00e0 cobrint s\u00f3n: metges, enginyers i experts en tecnologies de la informaci\u00f3 ( TI); i, sense titulaci\u00f3 universit\u00e0ria, els cuidadors. Aix\u00ed, les autoritats calculen que el mercat sanitari alemany podria ocupar fins a 5.000\u2009metges m\u00e9s. En enginyeria interessen la construcci\u00f3 de maquin\u00e0ria i vehicles, i l\u2019electrot\u00e8cnica, i cada vegada m\u00e9s tamb\u00e9 titulats en Ci\u00e8ncies, Matem\u00e0tiques o Inform\u00e0tica, a causa de l\u2019auge de les empreses qu\u00edmiques i farmac\u00e8utiques del pa\u00eds. Com que la demografia alemanya registra un augment de la poblaci\u00f3 de m\u00e9s edat, creix la demanda de personal cuidador en resid\u00e8ncies de gent gran. Es calcula que l\u2019any 2025 faltaran a Alemanya fins a 152.000 cuidadors amb qualificaci\u00f3 professional.<\/p>\n<p>Si b\u00e9 algunes empreses, sobretot multinacionals, utilitzen en territori alemany l\u2019angl\u00e8s com a llengua de treball, \u00e9s impensable pretendre accedir a aquests llocs de treball sense cap coneixement, com m\u00e9s elevat millor, de la llengua alemanya. \u201cL\u2019alemany no sol ser la primera llengua estrangera dels espanyols, sin\u00f3 la segona despr\u00e9s de l\u2019angl\u00e8s; a m\u00e9s, l\u2019exposici\u00f3 a l\u2019alemany a Espanya fora de les classes \u00e9s petita en comparaci\u00f3 amb l\u2019angl\u00e8s, a causa de la gran oferta audiovisual anglosaxona existent\u201d, raona Juan Carlos Cabrejas, de 43 anys, enginyer aeron\u00e0utic madrileny que viu a Berl\u00edn des de fa 15 anys.<\/p>\n<p>Cabrejas tamb\u00e9 es dedica a divulgar amb gr\u00e0fics interactius la pres\u00e8ncia num\u00e8rica d\u2019espanyols a Alemanya des del seu web Puntos (C abrejas.blogspot.com), pres\u00e8ncia que continua incrementant-se, encara que creix a menys ritme que abans. Segons el servei estad\u00edstic alemany, durant el 2015 la poblaci\u00f3 espanyola a Alemanya va cr\u00e9ixer en 9.000 persones fins a les 156.000, davant l\u2019increment en 11.000 que hi va haver l\u2019any 2014.<\/p>\n<p>Per a aquells que volen aprendre alemany i fer-lo servir per treballar a Alemanya, Cabrejas recomana no nom\u00e9s aplicar-se en l\u2019estudi de l\u2019idioma, sin\u00f3 tamb\u00e9 exercitar-lo tant s\u00ed com no i sense temor. \u201cEn un entorn professional hi ha el risc que la gent alemanya que no est\u00e0 acostumada a tractar amb estrangers tregui la conclusi\u00f3, err\u00f2nia, que no saps el que dius, quan el que passa \u00e9s que no saps com expressar els matisos \u2013explica, evocant la seva pr\u00f2pia experi\u00e8ncia\u2013. Crec que entendre \u00e9s relativament f\u00e0cil, i el m\u00e9s dif\u00edcil \u00e9s fer-te entendre, encara que de vegades \u00e9s perqu\u00e8 s\u00f3n els alemanys els que es bloquegen de veure que ets estranger\u201d.<\/p>\n<p>Com a colof\u00f3, les xifres de l\u2019alemany al m\u00f3n s\u00f3n robustes, encara que en volum de parlants natius no s\u2019acosti al xin\u00e8s mandar\u00ed (gaireb\u00e9 1.000 milions), a l\u2019espanyol (472 milions) o a l\u2019angl\u00e8s (360 milions). Aix\u00ed, entre els 103,5 milions de parlants natius d\u2019alemany figuren les minories germanoparlants de pa\u00efsos on no \u00e9s llengua oficial (7,5 milions), en uns casos per pres\u00e8ncia hist\u00f2rica al lloc, i en d\u2019altres per emigraci\u00f3, com al Brasil i el Canad\u00e0. En total, incloent-hi els qui el tenen com a segona llengua o com a llengua estrangera (40 milions), hi ha al m\u00f3n 143,5 milions de germanoparlants. \u00c9s molta gent amb la qual cal interactuar.<\/p>\n<p>Font: <a href=\"http:\/\/www.lavanguardia.com\/encatala\/20170124\/413640316335\/la-llengua-de-goethe-empeny.html\" target=\"_blank\">www.lavanguardia.com<\/a><\/p>\n","protected":false},"excerpt":{"rendered":"<p>Amb l\u2019angl\u00e8s com a idioma incontestable per moure\u2019s pel m\u00f3n, l\u2019aprenentatge d\u2019altres lleng\u00fces estrangeres de pes internacional es referma com una manera d\u2019incrementar opcions laborals, culturals i d\u2019intercanvi en general. L\u2019alemany, la llengua materna m\u00e9s parlada a la Uni\u00f3 Europea \u2013territori que al seu torn \u00e9s el que reuneix la majoria dels 103,5 milions de<\/p>\n","protected":false},"author":10,"featured_media":5202,"comment_status":"closed","ping_status":"closed","sticky":false,"template":"","format":"standard","meta":[],"categories":[23],"tags":[],"yoast_head":"<!-- This site is optimized with the Yoast SEO plugin v19.13 - https:\/\/yoast.com\/wordpress\/plugins\/seo\/ -->\n<title>La llengua de Goethe empeny - Bridge4Mobility<\/title>\n<meta name=\"robots\" content=\"index, follow, max-snippet:-1, max-image-preview:large, max-video-preview:-1\" \/>\n<link rel=\"canonical\" href=\"https:\/\/www.bridge4mobility.com\/ca\/la-llengua-de-goethe-empeny\/\" \/>\n<meta property=\"og:locale\" content=\"ca_ES\" \/>\n<meta property=\"og:type\" content=\"article\" \/>\n<meta property=\"og:title\" content=\"La llengua de Goethe empeny - Bridge4Mobility\" \/>\n<meta property=\"og:description\" content=\"Amb l\u2019angl\u00e8s com a idioma incontestable per moure\u2019s pel m\u00f3n, l\u2019aprenentatge d\u2019altres lleng\u00fces estrangeres de pes internacional es referma com una manera d\u2019incrementar opcions laborals, culturals i d\u2019intercanvi en general. L\u2019alemany, la llengua materna m\u00e9s parlada a la Uni\u00f3 Europea \u2013territori que al seu torn \u00e9s el que reuneix la majoria dels 103,5 milions de\" \/>\n<meta property=\"og:url\" content=\"https:\/\/www.bridge4mobility.com\/ca\/la-llengua-de-goethe-empeny\/\" \/>\n<meta property=\"og:site_name\" content=\"Bridge4Mobility\" \/>\n<meta property=\"article:published_time\" content=\"2017-05-25T08:38:30+00:00\" \/>\n<meta property=\"og:image\" content=\"https:\/\/www.bridge4mobility.com\/wp-content\/uploads\/alem\u00e1n.jpg\" \/>\n\t<meta property=\"og:image:width\" content=\"820\" \/>\n\t<meta property=\"og:image:height\" content=\"355\" \/>\n\t<meta property=\"og:image:type\" content=\"image\/jpeg\" \/>\n<meta name=\"author\" content=\"Benito Salda\u00f1a\" \/>\n<meta name=\"twitter:label1\" content=\"Escrit per\" \/>\n\t<meta name=\"twitter:data1\" content=\"Benito Salda\u00f1a\" \/>\n\t<meta name=\"twitter:label2\" content=\"Temps estimat de lectura\" \/>\n\t<meta name=\"twitter:data2\" content=\"5 minuts\" \/>\n<script type=\"application\/ld+json\" class=\"yoast-schema-graph\">{\"@context\":\"https:\/\/schema.org\",\"@graph\":[{\"@type\":\"WebPage\",\"@id\":\"https:\/\/www.bridge4mobility.com\/ca\/la-llengua-de-goethe-empeny\/\",\"url\":\"https:\/\/www.bridge4mobility.com\/ca\/la-llengua-de-goethe-empeny\/\",\"name\":\"La llengua de Goethe empeny - Bridge4Mobility\",\"isPartOf\":{\"@id\":\"https:\/\/www.bridge4mobility.com\/de\/#website\"},\"datePublished\":\"2017-05-25T08:38:30+00:00\",\"dateModified\":\"2017-05-25T08:38:30+00:00\",\"author\":{\"@id\":\"https:\/\/www.bridge4mobility.com\/de\/#\/schema\/person\/6cdd5d5d6540cc233c4b3ff0f14ef99a\"},\"breadcrumb\":{\"@id\":\"https:\/\/www.bridge4mobility.com\/ca\/la-llengua-de-goethe-empeny\/#breadcrumb\"},\"inLanguage\":\"ca\",\"potentialAction\":[{\"@type\":\"ReadAction\",\"target\":[\"https:\/\/www.bridge4mobility.com\/ca\/la-llengua-de-goethe-empeny\/\"]}]},{\"@type\":\"BreadcrumbList\",\"@id\":\"https:\/\/www.bridge4mobility.com\/ca\/la-llengua-de-goethe-empeny\/#breadcrumb\",\"itemListElement\":[{\"@type\":\"ListItem\",\"position\":1,\"name\":\"Home\",\"item\":\"https:\/\/www.bridge4mobility.com\/ca\/\"},{\"@type\":\"ListItem\",\"position\":2,\"name\":\"La llengua de Goethe empeny\"}]},{\"@type\":\"WebSite\",\"@id\":\"https:\/\/www.bridge4mobility.com\/de\/#website\",\"url\":\"https:\/\/www.bridge4mobility.com\/de\/\",\"name\":\"Bridge4Mobility\",\"description\":\"Qualifizierte Fachkr\u00e4fte aus Spanien\",\"potentialAction\":[{\"@type\":\"SearchAction\",\"target\":{\"@type\":\"EntryPoint\",\"urlTemplate\":\"https:\/\/www.bridge4mobility.com\/de\/?s={search_term_string}\"},\"query-input\":\"required name=search_term_string\"}],\"inLanguage\":\"ca\"},{\"@type\":\"Person\",\"@id\":\"https:\/\/www.bridge4mobility.com\/de\/#\/schema\/person\/6cdd5d5d6540cc233c4b3ff0f14ef99a\",\"name\":\"Benito Salda\u00f1a\",\"image\":{\"@type\":\"ImageObject\",\"inLanguage\":\"ca\",\"@id\":\"https:\/\/www.bridge4mobility.com\/de\/#\/schema\/person\/image\/\",\"url\":\"https:\/\/www.bridge4mobility.com\/wp-content\/uploads\/letter-avatar\/b64acf6be2a2c535c3ae165a55955493.svg\",\"contentUrl\":\"https:\/\/www.bridge4mobility.com\/wp-content\/uploads\/letter-avatar\/b64acf6be2a2c535c3ae165a55955493.svg\",\"caption\":\"Benito Salda\u00f1a\"},\"description\":\"Test CDamm\",\"url\":\"https:\/\/www.bridge4mobility.com\/ca\/author\/benito\/\"}]}<\/script>\n<!-- \/ Yoast SEO plugin. -->","yoast_head_json":{"title":"La llengua de Goethe empeny - Bridge4Mobility","robots":{"index":"index","follow":"follow","max-snippet":"max-snippet:-1","max-image-preview":"max-image-preview:large","max-video-preview":"max-video-preview:-1"},"canonical":"https:\/\/www.bridge4mobility.com\/ca\/la-llengua-de-goethe-empeny\/","og_locale":"ca_ES","og_type":"article","og_title":"La llengua de Goethe empeny - Bridge4Mobility","og_description":"Amb l\u2019angl\u00e8s com a idioma incontestable per moure\u2019s pel m\u00f3n, l\u2019aprenentatge d\u2019altres lleng\u00fces estrangeres de pes internacional es referma com una manera d\u2019incrementar opcions laborals, culturals i d\u2019intercanvi en general. L\u2019alemany, la llengua materna m\u00e9s parlada a la Uni\u00f3 Europea \u2013territori que al seu torn \u00e9s el que reuneix la majoria dels 103,5 milions de","og_url":"https:\/\/www.bridge4mobility.com\/ca\/la-llengua-de-goethe-empeny\/","og_site_name":"Bridge4Mobility","article_published_time":"2017-05-25T08:38:30+00:00","og_image":[{"width":820,"height":355,"url":"https:\/\/www.bridge4mobility.com\/wp-content\/uploads\/alem\u00e1n.jpg","type":"image\/jpeg"}],"author":"Benito Salda\u00f1a","twitter_misc":{"Escrit per":"Benito Salda\u00f1a","Temps estimat de lectura":"5 minuts"},"schema":{"@context":"https:\/\/schema.org","@graph":[{"@type":"WebPage","@id":"https:\/\/www.bridge4mobility.com\/ca\/la-llengua-de-goethe-empeny\/","url":"https:\/\/www.bridge4mobility.com\/ca\/la-llengua-de-goethe-empeny\/","name":"La llengua de Goethe empeny - Bridge4Mobility","isPartOf":{"@id":"https:\/\/www.bridge4mobility.com\/de\/#website"},"datePublished":"2017-05-25T08:38:30+00:00","dateModified":"2017-05-25T08:38:30+00:00","author":{"@id":"https:\/\/www.bridge4mobility.com\/de\/#\/schema\/person\/6cdd5d5d6540cc233c4b3ff0f14ef99a"},"breadcrumb":{"@id":"https:\/\/www.bridge4mobility.com\/ca\/la-llengua-de-goethe-empeny\/#breadcrumb"},"inLanguage":"ca","potentialAction":[{"@type":"ReadAction","target":["https:\/\/www.bridge4mobility.com\/ca\/la-llengua-de-goethe-empeny\/"]}]},{"@type":"BreadcrumbList","@id":"https:\/\/www.bridge4mobility.com\/ca\/la-llengua-de-goethe-empeny\/#breadcrumb","itemListElement":[{"@type":"ListItem","position":1,"name":"Home","item":"https:\/\/www.bridge4mobility.com\/ca\/"},{"@type":"ListItem","position":2,"name":"La llengua de Goethe empeny"}]},{"@type":"WebSite","@id":"https:\/\/www.bridge4mobility.com\/de\/#website","url":"https:\/\/www.bridge4mobility.com\/de\/","name":"Bridge4Mobility","description":"Qualifizierte Fachkr\u00e4fte aus Spanien","potentialAction":[{"@type":"SearchAction","target":{"@type":"EntryPoint","urlTemplate":"https:\/\/www.bridge4mobility.com\/de\/?s={search_term_string}"},"query-input":"required name=search_term_string"}],"inLanguage":"ca"},{"@type":"Person","@id":"https:\/\/www.bridge4mobility.com\/de\/#\/schema\/person\/6cdd5d5d6540cc233c4b3ff0f14ef99a","name":"Benito Salda\u00f1a","image":{"@type":"ImageObject","inLanguage":"ca","@id":"https:\/\/www.bridge4mobility.com\/de\/#\/schema\/person\/image\/","url":"https:\/\/www.bridge4mobility.com\/wp-content\/uploads\/letter-avatar\/b64acf6be2a2c535c3ae165a55955493.svg","contentUrl":"https:\/\/www.bridge4mobility.com\/wp-content\/uploads\/letter-avatar\/b64acf6be2a2c535c3ae165a55955493.svg","caption":"Benito Salda\u00f1a"},"description":"Test CDamm","url":"https:\/\/www.bridge4mobility.com\/ca\/author\/benito\/"}]}},"_links":{"self":[{"href":"https:\/\/www.bridge4mobility.com\/ca\/wp-json\/wp\/v2\/posts\/5206"}],"collection":[{"href":"https:\/\/www.bridge4mobility.com\/ca\/wp-json\/wp\/v2\/posts"}],"about":[{"href":"https:\/\/www.bridge4mobility.com\/ca\/wp-json\/wp\/v2\/types\/post"}],"author":[{"embeddable":true,"href":"https:\/\/www.bridge4mobility.com\/ca\/wp-json\/wp\/v2\/users\/10"}],"replies":[{"embeddable":true,"href":"https:\/\/www.bridge4mobility.com\/ca\/wp-json\/wp\/v2\/comments?post=5206"}],"version-history":[{"count":0,"href":"https:\/\/www.bridge4mobility.com\/ca\/wp-json\/wp\/v2\/posts\/5206\/revisions"}],"wp:featuredmedia":[{"embeddable":true,"href":"https:\/\/www.bridge4mobility.com\/ca\/wp-json\/wp\/v2\/media\/5202"}],"wp:attachment":[{"href":"https:\/\/www.bridge4mobility.com\/ca\/wp-json\/wp\/v2\/media?parent=5206"}],"wp:term":[{"taxonomy":"category","embeddable":true,"href":"https:\/\/www.bridge4mobility.com\/ca\/wp-json\/wp\/v2\/categories?post=5206"},{"taxonomy":"post_tag","embeddable":true,"href":"https:\/\/www.bridge4mobility.com\/ca\/wp-json\/wp\/v2\/tags?post=5206"}],"curies":[{"name":"wp","href":"https:\/\/api.w.org\/{rel}","templated":true}]}}