{"id":4954,"date":"2017-02-02T12:29:26","date_gmt":"2017-02-02T11:29:26","guid":{"rendered":"https:\/\/www.bridge4mobility.com\/?p=4954"},"modified":"2017-02-02T12:29:26","modified_gmt":"2017-02-02T11:29:26","slug":"mes-dun-centenar-de-joves-del-baix-penedes-sinteressen-per-lfp-dual-a-alemanya","status":"publish","type":"post","link":"https:\/\/www.bridge4mobility.com\/ca\/mes-dun-centenar-de-joves-del-baix-penedes-sinteressen-per-lfp-dual-a-alemanya\/","title":{"rendered":"M\u00e9s d\u2019un centenar de joves del Baix Pened\u00e8s s\u2019interessen per l\u2019FP Dual a Alemanya"},"content":{"rendered":"<p>Prop de 130 joves del Baix Pened\u00e8s s&#8217;han interessat pel projecte coordinat pel Consell Comarcal, a trav\u00e9s de l&#8217;Oficina Jove. La cita de la sessi\u00f3 informativa era a l&#8217;Escola de M\u00fasica Pau Casals del Vendrell i, per segon any consecutiu, ha tornat a ser un \u00e8xit de convocat\u00f2ria. Es tracta del sistema d&#8217;FP dual, en qu\u00e8 els aspirants seleccionats tindran al seu abast formaci\u00f3 i pr\u00e0ctiques remunerades que subvencionen els empresaris i el Govern federal alemany.<\/p>\n<p>La d&#8217;aquest dimarts ha estat la primera d&#8217;un total de sis xerrades que es faran en diversos punts de Catalunya, en qu\u00e8 s&#8217;oferiran 200 places pels joves catalans. Per la presidenta del Consell Comarcal, Eva Serrami\u00e0, aquest &#8220;\u00e9s un projecte estrella, que ha de ser una de les opcions per reduir l&#8217;important atur juvenil del Baix Pened\u00e8s&#8221;. Alemanya necessita m\u00e0 d&#8217;obra per cobrir el d\u00e8ficit de professionals per a l&#8217;hostaleria, la construcci\u00f3 i la ind\u00fastria. <\/p>\n<p>&nbsp;<\/p>\n<p><center><video width=\"759\" height=\"427\" controls=\"controls\" preload=\"none\" poster=\"\/wp-content\/uploads\/poster.png\"><source type=\"video\/mp4\" src=\"\/\/wp-content\/uploads\/SESSI\u00d3-INFORMATIVA-FP-DUAL-ALEMANYA-S_sd_STREAM.mp4\" \/><source type=\"video\/webm\" src=\"\/wp-content\/uploads\/SESSI\u00d3-INFORMATIVA-FP-DUAL-ALEMANYA-S_sd_STREAM.webm\" \/><source type=\"video\/ogg\" src=\"\/wp-content\/uploads\/SESSI\u00d3-INFORMATIVA-FP-DUAL-ALEMANYA-S_sd_STREAM.ogv\" \/><object width=\"320\" height=\"240\" type=\"application\/x-shockwave-flash\" data=\"flashmediaelement.swf\">\n        <param name=\"movie\" value=\"flashmediaelement.swf\" \/>\n        <param name=\"flashvars\" value=\"controls=true&#038;file=\/wp-content\/uploads\/SESSI\u00d3-INFORMATIVA-FP-DUAL-ALEMANYA-S_sd_STREAM.mp4\" \/><\/center><\/p>\n","protected":false},"excerpt":{"rendered":"<p>Prop de 130 joves del Baix Pened\u00e8s s&#8217;han interessat pel projecte coordinat pel Consell Comarcal, a trav\u00e9s de l&#8217;Oficina Jove. La cita de la sessi\u00f3 informativa era a l&#8217;Escola de M\u00fasica Pau Casals del Vendrell i, per segon any consecutiu, ha tornat a ser un \u00e8xit de convocat\u00f2ria. Es tracta del sistema d&#8217;FP dual, en<\/p>\n","protected":false},"author":10,"featured_media":4952,"comment_status":"closed","ping_status":"closed","sticky":false,"template":"","format":"standard","meta":[],"categories":[23],"tags":[],"yoast_head":"<!-- This site is optimized with the Yoast SEO plugin v19.13 - https:\/\/yoast.com\/wordpress\/plugins\/seo\/ -->\n<title>M\u00e9s d\u2019un centenar de joves del Baix Pened\u00e8s s\u2019interessen per l\u2019FP Dual a Alemanya - Bridge4Mobility<\/title>\n<meta name=\"robots\" content=\"index, follow, max-snippet:-1, max-image-preview:large, max-video-preview:-1\" \/>\n<link rel=\"canonical\" href=\"https:\/\/www.bridge4mobility.com\/ca\/mes-dun-centenar-de-joves-del-baix-penedes-sinteressen-per-lfp-dual-a-alemanya\/\" \/>\n<meta property=\"og:locale\" content=\"ca_ES\" \/>\n<meta property=\"og:type\" content=\"article\" \/>\n<meta property=\"og:title\" content=\"M\u00e9s d\u2019un centenar de joves del Baix Pened\u00e8s s\u2019interessen per l\u2019FP Dual a Alemanya - Bridge4Mobility\" \/>\n<meta property=\"og:description\" content=\"Prop de 130 joves del Baix Pened\u00e8s s&#8217;han interessat pel projecte coordinat pel Consell Comarcal, a trav\u00e9s de l&#8217;Oficina Jove. La cita de la sessi\u00f3 informativa era a l&#8217;Escola de M\u00fasica Pau Casals del Vendrell i, per segon any consecutiu, ha tornat a ser un \u00e8xit de convocat\u00f2ria. Es tracta del sistema d&#8217;FP dual, en\" \/>\n<meta property=\"og:url\" content=\"https:\/\/www.bridge4mobility.com\/ca\/mes-dun-centenar-de-joves-del-baix-penedes-sinteressen-per-lfp-dual-a-alemanya\/\" \/>\n<meta property=\"og:site_name\" content=\"Bridge4Mobility\" \/>\n<meta property=\"article:published_time\" content=\"2017-02-02T11:29:26+00:00\" \/>\n<meta property=\"og:image\" content=\"https:\/\/www.bridge4mobility.com\/wp-content\/uploads\/M\u00e9s-d\u2019un-centenar-de-joves-de-la-comarca-s\u2019interessen-per-l\u2019FP-Dual-a-Alemanya.jpg\" \/>\n\t<meta property=\"og:image:width\" content=\"990\" \/>\n\t<meta property=\"og:image:height\" content=\"556\" \/>\n\t<meta property=\"og:image:type\" content=\"image\/jpeg\" \/>\n<meta name=\"author\" content=\"Benito Salda\u00f1a\" \/>\n<meta name=\"twitter:label1\" content=\"Escrit per\" \/>\n\t<meta name=\"twitter:data1\" content=\"Benito Salda\u00f1a\" \/>\n\t<meta name=\"twitter:label2\" content=\"Temps estimat de lectura\" \/>\n\t<meta name=\"twitter:data2\" content=\"1 minut\" \/>\n<script type=\"application\/ld+json\" class=\"yoast-schema-graph\">{\"@context\":\"https:\/\/schema.org\",\"@graph\":[{\"@type\":\"WebPage\",\"@id\":\"https:\/\/www.bridge4mobility.com\/ca\/mes-dun-centenar-de-joves-del-baix-penedes-sinteressen-per-lfp-dual-a-alemanya\/\",\"url\":\"https:\/\/www.bridge4mobility.com\/ca\/mes-dun-centenar-de-joves-del-baix-penedes-sinteressen-per-lfp-dual-a-alemanya\/\",\"name\":\"M\u00e9s d\u2019un centenar de joves del Baix Pened\u00e8s s\u2019interessen per l\u2019FP Dual a Alemanya - Bridge4Mobility\",\"isPartOf\":{\"@id\":\"https:\/\/www.bridge4mobility.com\/de\/#website\"},\"datePublished\":\"2017-02-02T11:29:26+00:00\",\"dateModified\":\"2017-02-02T11:29:26+00:00\",\"author\":{\"@id\":\"https:\/\/www.bridge4mobility.com\/de\/#\/schema\/person\/6cdd5d5d6540cc233c4b3ff0f14ef99a\"},\"breadcrumb\":{\"@id\":\"https:\/\/www.bridge4mobility.com\/ca\/mes-dun-centenar-de-joves-del-baix-penedes-sinteressen-per-lfp-dual-a-alemanya\/#breadcrumb\"},\"inLanguage\":\"ca\",\"potentialAction\":[{\"@type\":\"ReadAction\",\"target\":[\"https:\/\/www.bridge4mobility.com\/ca\/mes-dun-centenar-de-joves-del-baix-penedes-sinteressen-per-lfp-dual-a-alemanya\/\"]}]},{\"@type\":\"BreadcrumbList\",\"@id\":\"https:\/\/www.bridge4mobility.com\/ca\/mes-dun-centenar-de-joves-del-baix-penedes-sinteressen-per-lfp-dual-a-alemanya\/#breadcrumb\",\"itemListElement\":[{\"@type\":\"ListItem\",\"position\":1,\"name\":\"Home\",\"item\":\"https:\/\/www.bridge4mobility.com\/ca\/\"},{\"@type\":\"ListItem\",\"position\":2,\"name\":\"M\u00e9s d\u2019un centenar de joves del Baix Pened\u00e8s s\u2019interessen per l\u2019FP Dual a Alemanya\"}]},{\"@type\":\"WebSite\",\"@id\":\"https:\/\/www.bridge4mobility.com\/de\/#website\",\"url\":\"https:\/\/www.bridge4mobility.com\/de\/\",\"name\":\"Bridge4Mobility\",\"description\":\"Qualifizierte Fachkr\u00e4fte aus Spanien\",\"potentialAction\":[{\"@type\":\"SearchAction\",\"target\":{\"@type\":\"EntryPoint\",\"urlTemplate\":\"https:\/\/www.bridge4mobility.com\/de\/?s={search_term_string}\"},\"query-input\":\"required name=search_term_string\"}],\"inLanguage\":\"ca\"},{\"@type\":\"Person\",\"@id\":\"https:\/\/www.bridge4mobility.com\/de\/#\/schema\/person\/6cdd5d5d6540cc233c4b3ff0f14ef99a\",\"name\":\"Benito Salda\u00f1a\",\"image\":{\"@type\":\"ImageObject\",\"inLanguage\":\"ca\",\"@id\":\"https:\/\/www.bridge4mobility.com\/de\/#\/schema\/person\/image\/\",\"url\":\"https:\/\/www.bridge4mobility.com\/wp-content\/uploads\/letter-avatar\/b64acf6be2a2c535c3ae165a55955493.svg\",\"contentUrl\":\"https:\/\/www.bridge4mobility.com\/wp-content\/uploads\/letter-avatar\/b64acf6be2a2c535c3ae165a55955493.svg\",\"caption\":\"Benito Salda\u00f1a\"},\"description\":\"Test CDamm\",\"url\":\"https:\/\/www.bridge4mobility.com\/ca\/author\/benito\/\"}]}<\/script>\n<!-- \/ Yoast SEO plugin. -->","yoast_head_json":{"title":"M\u00e9s d\u2019un centenar de joves del Baix Pened\u00e8s s\u2019interessen per l\u2019FP Dual a Alemanya - Bridge4Mobility","robots":{"index":"index","follow":"follow","max-snippet":"max-snippet:-1","max-image-preview":"max-image-preview:large","max-video-preview":"max-video-preview:-1"},"canonical":"https:\/\/www.bridge4mobility.com\/ca\/mes-dun-centenar-de-joves-del-baix-penedes-sinteressen-per-lfp-dual-a-alemanya\/","og_locale":"ca_ES","og_type":"article","og_title":"M\u00e9s d\u2019un centenar de joves del Baix Pened\u00e8s s\u2019interessen per l\u2019FP Dual a Alemanya - Bridge4Mobility","og_description":"Prop de 130 joves del Baix Pened\u00e8s s&#8217;han interessat pel projecte coordinat pel Consell Comarcal, a trav\u00e9s de l&#8217;Oficina Jove. La cita de la sessi\u00f3 informativa era a l&#8217;Escola de M\u00fasica Pau Casals del Vendrell i, per segon any consecutiu, ha tornat a ser un \u00e8xit de convocat\u00f2ria. Es tracta del sistema d&#8217;FP dual, en","og_url":"https:\/\/www.bridge4mobility.com\/ca\/mes-dun-centenar-de-joves-del-baix-penedes-sinteressen-per-lfp-dual-a-alemanya\/","og_site_name":"Bridge4Mobility","article_published_time":"2017-02-02T11:29:26+00:00","og_image":[{"width":990,"height":556,"url":"https:\/\/www.bridge4mobility.com\/wp-content\/uploads\/M\u00e9s-d\u2019un-centenar-de-joves-de-la-comarca-s\u2019interessen-per-l\u2019FP-Dual-a-Alemanya.jpg","type":"image\/jpeg"}],"author":"Benito Salda\u00f1a","twitter_misc":{"Escrit per":"Benito Salda\u00f1a","Temps estimat de lectura":"1 minut"},"schema":{"@context":"https:\/\/schema.org","@graph":[{"@type":"WebPage","@id":"https:\/\/www.bridge4mobility.com\/ca\/mes-dun-centenar-de-joves-del-baix-penedes-sinteressen-per-lfp-dual-a-alemanya\/","url":"https:\/\/www.bridge4mobility.com\/ca\/mes-dun-centenar-de-joves-del-baix-penedes-sinteressen-per-lfp-dual-a-alemanya\/","name":"M\u00e9s d\u2019un centenar de joves del Baix Pened\u00e8s s\u2019interessen per l\u2019FP Dual a Alemanya - Bridge4Mobility","isPartOf":{"@id":"https:\/\/www.bridge4mobility.com\/de\/#website"},"datePublished":"2017-02-02T11:29:26+00:00","dateModified":"2017-02-02T11:29:26+00:00","author":{"@id":"https:\/\/www.bridge4mobility.com\/de\/#\/schema\/person\/6cdd5d5d6540cc233c4b3ff0f14ef99a"},"breadcrumb":{"@id":"https:\/\/www.bridge4mobility.com\/ca\/mes-dun-centenar-de-joves-del-baix-penedes-sinteressen-per-lfp-dual-a-alemanya\/#breadcrumb"},"inLanguage":"ca","potentialAction":[{"@type":"ReadAction","target":["https:\/\/www.bridge4mobility.com\/ca\/mes-dun-centenar-de-joves-del-baix-penedes-sinteressen-per-lfp-dual-a-alemanya\/"]}]},{"@type":"BreadcrumbList","@id":"https:\/\/www.bridge4mobility.com\/ca\/mes-dun-centenar-de-joves-del-baix-penedes-sinteressen-per-lfp-dual-a-alemanya\/#breadcrumb","itemListElement":[{"@type":"ListItem","position":1,"name":"Home","item":"https:\/\/www.bridge4mobility.com\/ca\/"},{"@type":"ListItem","position":2,"name":"M\u00e9s d\u2019un centenar de joves del Baix Pened\u00e8s s\u2019interessen per l\u2019FP Dual a Alemanya"}]},{"@type":"WebSite","@id":"https:\/\/www.bridge4mobility.com\/de\/#website","url":"https:\/\/www.bridge4mobility.com\/de\/","name":"Bridge4Mobility","description":"Qualifizierte Fachkr\u00e4fte aus Spanien","potentialAction":[{"@type":"SearchAction","target":{"@type":"EntryPoint","urlTemplate":"https:\/\/www.bridge4mobility.com\/de\/?s={search_term_string}"},"query-input":"required name=search_term_string"}],"inLanguage":"ca"},{"@type":"Person","@id":"https:\/\/www.bridge4mobility.com\/de\/#\/schema\/person\/6cdd5d5d6540cc233c4b3ff0f14ef99a","name":"Benito Salda\u00f1a","image":{"@type":"ImageObject","inLanguage":"ca","@id":"https:\/\/www.bridge4mobility.com\/de\/#\/schema\/person\/image\/","url":"https:\/\/www.bridge4mobility.com\/wp-content\/uploads\/letter-avatar\/b64acf6be2a2c535c3ae165a55955493.svg","contentUrl":"https:\/\/www.bridge4mobility.com\/wp-content\/uploads\/letter-avatar\/b64acf6be2a2c535c3ae165a55955493.svg","caption":"Benito Salda\u00f1a"},"description":"Test CDamm","url":"https:\/\/www.bridge4mobility.com\/ca\/author\/benito\/"}]}},"_links":{"self":[{"href":"https:\/\/www.bridge4mobility.com\/ca\/wp-json\/wp\/v2\/posts\/4954"}],"collection":[{"href":"https:\/\/www.bridge4mobility.com\/ca\/wp-json\/wp\/v2\/posts"}],"about":[{"href":"https:\/\/www.bridge4mobility.com\/ca\/wp-json\/wp\/v2\/types\/post"}],"author":[{"embeddable":true,"href":"https:\/\/www.bridge4mobility.com\/ca\/wp-json\/wp\/v2\/users\/10"}],"replies":[{"embeddable":true,"href":"https:\/\/www.bridge4mobility.com\/ca\/wp-json\/wp\/v2\/comments?post=4954"}],"version-history":[{"count":0,"href":"https:\/\/www.bridge4mobility.com\/ca\/wp-json\/wp\/v2\/posts\/4954\/revisions"}],"wp:featuredmedia":[{"embeddable":true,"href":"https:\/\/www.bridge4mobility.com\/ca\/wp-json\/wp\/v2\/media\/4952"}],"wp:attachment":[{"href":"https:\/\/www.bridge4mobility.com\/ca\/wp-json\/wp\/v2\/media?parent=4954"}],"wp:term":[{"taxonomy":"category","embeddable":true,"href":"https:\/\/www.bridge4mobility.com\/ca\/wp-json\/wp\/v2\/categories?post=4954"},{"taxonomy":"post_tag","embeddable":true,"href":"https:\/\/www.bridge4mobility.com\/ca\/wp-json\/wp\/v2\/tags?post=4954"}],"curies":[{"name":"wp","href":"https:\/\/api.w.org\/{rel}","templated":true}]}}