{"id":13103,"date":"2025-06-04T12:35:52","date_gmt":"2025-06-04T10:35:52","guid":{"rendered":"https:\/\/www.bridge4mobility.com\/la-obb-recibe-sus-primeros-tecnicos-espanoles\/"},"modified":"2025-06-04T12:35:52","modified_gmt":"2025-06-04T10:35:52","slug":"la-obb-recibe-sus-primeros-tecnicos-espanoles","status":"publish","type":"post","link":"https:\/\/www.bridge4mobility.com\/ca\/la-obb-recibe-sus-primeros-tecnicos-espanoles\/","title":{"rendered":"La \u00d6BB recibe sus primeros t\u00e9cnicos espa\u00f1oles"},"content":{"rendered":"<p>Tras varios meses de esfuerzo y dedicaci\u00f3n en el curso de alem\u00e1n virtual para aprender las bases del idioma (hasta nivel B1) as\u00ed como varias pruebas de selecci\u00f3n exigentes, esta semana <strong>ha llegado a Austria el primer grupo de t\u00e9cnicos de material rodado ferroviario<\/strong>!<\/p>\n<p>Estos j\u00f3venes empezar\u00e1n su experiencia profesional en la empresa ferroviaria m\u00e1s importante del pa\u00eds: la<strong> \u00d6BB<\/strong>.<\/p>\n<p>En sus primeros d\u00edas, han tenido <strong>acompa\u00f1amiento<\/strong> para ayudarles con la burocracia inicial (empadronamiento, apertura de cuenta bancaria, inscripci\u00f3n al servicio de salud, etc.). Actualmente ya est\u00e1n instalados en el <strong>alojamiento proporcionado por la empresa<\/strong> y con ganas de comenzar a aprender los detalles de esta profesi\u00f3n.<\/p>\n<p>Adem\u00e1s, en Austria seguir\u00e1n mejorando su nivel de alem\u00e1n gracias a la <strong>continuidad del curso<\/strong> que les proporcionar\u00e1 la \u00d6BB, ya que un buen conocimiento del idioma es crucial para el desempe\u00f1o de su nuevo puesto de trabajo.<\/p>\n","protected":false},"excerpt":{"rendered":"<p>Tras varios meses de esfuerzo y dedicaci\u00f3n en el curso de alem\u00e1n virtual para aprender las bases del idioma (hasta nivel B1) as\u00ed como varias pruebas de selecci\u00f3n exigentes, esta semana ha llegado a Austria el primer grupo de t\u00e9cnicos de material rodado ferroviario! Estos j\u00f3venes empezar\u00e1n su experiencia profesional en la empresa ferroviaria m\u00e1s<\/p>\n","protected":false},"author":1715,"featured_media":0,"comment_status":"closed","ping_status":"closed","sticky":false,"template":"","format":"standard","meta":[],"categories":[23,22],"tags":[80,72,164,75],"yoast_head":"<!-- This site is optimized with the Yoast SEO plugin v19.13 - https:\/\/yoast.com\/wordpress\/plugins\/seo\/ -->\n<title>La \u00d6BB recibe sus primeros t\u00e9cnicos espa\u00f1oles - Bridge4Mobility<\/title>\n<meta name=\"robots\" content=\"index, follow, max-snippet:-1, max-image-preview:large, max-video-preview:-1\" \/>\n<link rel=\"canonical\" href=\"https:\/\/www.bridge4mobility.com\/ca\/la-obb-recibe-sus-primeros-tecnicos-espanoles\/\" \/>\n<meta property=\"og:locale\" content=\"ca_ES\" \/>\n<meta property=\"og:type\" content=\"article\" \/>\n<meta property=\"og:title\" content=\"La \u00d6BB recibe sus primeros t\u00e9cnicos espa\u00f1oles - Bridge4Mobility\" \/>\n<meta property=\"og:description\" content=\"Tras varios meses de esfuerzo y dedicaci\u00f3n en el curso de alem\u00e1n virtual para aprender las bases del idioma (hasta nivel B1) as\u00ed como varias pruebas de selecci\u00f3n exigentes, esta semana ha llegado a Austria el primer grupo de t\u00e9cnicos de material rodado ferroviario! Estos j\u00f3venes empezar\u00e1n su experiencia profesional en la empresa ferroviaria m\u00e1s\" \/>\n<meta property=\"og:url\" content=\"https:\/\/www.bridge4mobility.com\/ca\/la-obb-recibe-sus-primeros-tecnicos-espanoles\/\" \/>\n<meta property=\"og:site_name\" content=\"Bridge4Mobility\" \/>\n<meta property=\"article:published_time\" content=\"2025-06-04T10:35:52+00:00\" \/>\n<meta name=\"author\" content=\"Rosa Sanchez\" \/>\n<meta name=\"twitter:label1\" content=\"Escrit per\" \/>\n\t<meta name=\"twitter:data1\" content=\"Rosa Sanchez\" \/>\n\t<meta name=\"twitter:label2\" content=\"Temps estimat de lectura\" \/>\n\t<meta name=\"twitter:data2\" content=\"1 minut\" \/>\n<script type=\"application\/ld+json\" class=\"yoast-schema-graph\">{\"@context\":\"https:\/\/schema.org\",\"@graph\":[{\"@type\":\"WebPage\",\"@id\":\"https:\/\/www.bridge4mobility.com\/ca\/la-obb-recibe-sus-primeros-tecnicos-espanoles\/\",\"url\":\"https:\/\/www.bridge4mobility.com\/ca\/la-obb-recibe-sus-primeros-tecnicos-espanoles\/\",\"name\":\"La \u00d6BB recibe sus primeros t\u00e9cnicos espa\u00f1oles - Bridge4Mobility\",\"isPartOf\":{\"@id\":\"https:\/\/www.bridge4mobility.com\/de\/#website\"},\"datePublished\":\"2025-06-04T10:35:52+00:00\",\"dateModified\":\"2025-06-04T10:35:52+00:00\",\"author\":{\"@id\":\"https:\/\/www.bridge4mobility.com\/de\/#\/schema\/person\/d8a8f2ef67df38ba2912abac766e53db\"},\"breadcrumb\":{\"@id\":\"https:\/\/www.bridge4mobility.com\/ca\/la-obb-recibe-sus-primeros-tecnicos-espanoles\/#breadcrumb\"},\"inLanguage\":\"ca\",\"potentialAction\":[{\"@type\":\"ReadAction\",\"target\":[\"https:\/\/www.bridge4mobility.com\/ca\/la-obb-recibe-sus-primeros-tecnicos-espanoles\/\"]}]},{\"@type\":\"BreadcrumbList\",\"@id\":\"https:\/\/www.bridge4mobility.com\/ca\/la-obb-recibe-sus-primeros-tecnicos-espanoles\/#breadcrumb\",\"itemListElement\":[{\"@type\":\"ListItem\",\"position\":1,\"name\":\"Home\",\"item\":\"https:\/\/www.bridge4mobility.com\/ca\/\"},{\"@type\":\"ListItem\",\"position\":2,\"name\":\"La \u00d6BB recibe sus primeros t\u00e9cnicos espa\u00f1oles\"}]},{\"@type\":\"WebSite\",\"@id\":\"https:\/\/www.bridge4mobility.com\/de\/#website\",\"url\":\"https:\/\/www.bridge4mobility.com\/de\/\",\"name\":\"Bridge4Mobility\",\"description\":\"Qualifizierte Fachkr\u00e4fte aus Spanien\",\"potentialAction\":[{\"@type\":\"SearchAction\",\"target\":{\"@type\":\"EntryPoint\",\"urlTemplate\":\"https:\/\/www.bridge4mobility.com\/de\/?s={search_term_string}\"},\"query-input\":\"required name=search_term_string\"}],\"inLanguage\":\"ca\"},{\"@type\":\"Person\",\"@id\":\"https:\/\/www.bridge4mobility.com\/de\/#\/schema\/person\/d8a8f2ef67df38ba2912abac766e53db\",\"name\":\"Rosa Sanchez\",\"image\":{\"@type\":\"ImageObject\",\"inLanguage\":\"ca\",\"@id\":\"https:\/\/www.bridge4mobility.com\/de\/#\/schema\/person\/image\/\",\"url\":\"https:\/\/www.bridge4mobility.com\/wp-content\/uploads\/letter-avatar\/ad15267741798dfac018169b3c617ba0.svg\",\"contentUrl\":\"https:\/\/www.bridge4mobility.com\/wp-content\/uploads\/letter-avatar\/ad15267741798dfac018169b3c617ba0.svg\",\"caption\":\"Rosa Sanchez\"},\"url\":\"https:\/\/www.bridge4mobility.com\/ca\/author\/r-sanchez\/\"}]}<\/script>\n<!-- \/ Yoast SEO plugin. -->","yoast_head_json":{"title":"La \u00d6BB recibe sus primeros t\u00e9cnicos espa\u00f1oles - Bridge4Mobility","robots":{"index":"index","follow":"follow","max-snippet":"max-snippet:-1","max-image-preview":"max-image-preview:large","max-video-preview":"max-video-preview:-1"},"canonical":"https:\/\/www.bridge4mobility.com\/ca\/la-obb-recibe-sus-primeros-tecnicos-espanoles\/","og_locale":"ca_ES","og_type":"article","og_title":"La \u00d6BB recibe sus primeros t\u00e9cnicos espa\u00f1oles - Bridge4Mobility","og_description":"Tras varios meses de esfuerzo y dedicaci\u00f3n en el curso de alem\u00e1n virtual para aprender las bases del idioma (hasta nivel B1) as\u00ed como varias pruebas de selecci\u00f3n exigentes, esta semana ha llegado a Austria el primer grupo de t\u00e9cnicos de material rodado ferroviario! Estos j\u00f3venes empezar\u00e1n su experiencia profesional en la empresa ferroviaria m\u00e1s","og_url":"https:\/\/www.bridge4mobility.com\/ca\/la-obb-recibe-sus-primeros-tecnicos-espanoles\/","og_site_name":"Bridge4Mobility","article_published_time":"2025-06-04T10:35:52+00:00","author":"Rosa Sanchez","twitter_misc":{"Escrit per":"Rosa Sanchez","Temps estimat de lectura":"1 minut"},"schema":{"@context":"https:\/\/schema.org","@graph":[{"@type":"WebPage","@id":"https:\/\/www.bridge4mobility.com\/ca\/la-obb-recibe-sus-primeros-tecnicos-espanoles\/","url":"https:\/\/www.bridge4mobility.com\/ca\/la-obb-recibe-sus-primeros-tecnicos-espanoles\/","name":"La \u00d6BB recibe sus primeros t\u00e9cnicos espa\u00f1oles - Bridge4Mobility","isPartOf":{"@id":"https:\/\/www.bridge4mobility.com\/de\/#website"},"datePublished":"2025-06-04T10:35:52+00:00","dateModified":"2025-06-04T10:35:52+00:00","author":{"@id":"https:\/\/www.bridge4mobility.com\/de\/#\/schema\/person\/d8a8f2ef67df38ba2912abac766e53db"},"breadcrumb":{"@id":"https:\/\/www.bridge4mobility.com\/ca\/la-obb-recibe-sus-primeros-tecnicos-espanoles\/#breadcrumb"},"inLanguage":"ca","potentialAction":[{"@type":"ReadAction","target":["https:\/\/www.bridge4mobility.com\/ca\/la-obb-recibe-sus-primeros-tecnicos-espanoles\/"]}]},{"@type":"BreadcrumbList","@id":"https:\/\/www.bridge4mobility.com\/ca\/la-obb-recibe-sus-primeros-tecnicos-espanoles\/#breadcrumb","itemListElement":[{"@type":"ListItem","position":1,"name":"Home","item":"https:\/\/www.bridge4mobility.com\/ca\/"},{"@type":"ListItem","position":2,"name":"La \u00d6BB recibe sus primeros t\u00e9cnicos espa\u00f1oles"}]},{"@type":"WebSite","@id":"https:\/\/www.bridge4mobility.com\/de\/#website","url":"https:\/\/www.bridge4mobility.com\/de\/","name":"Bridge4Mobility","description":"Qualifizierte Fachkr\u00e4fte aus Spanien","potentialAction":[{"@type":"SearchAction","target":{"@type":"EntryPoint","urlTemplate":"https:\/\/www.bridge4mobility.com\/de\/?s={search_term_string}"},"query-input":"required name=search_term_string"}],"inLanguage":"ca"},{"@type":"Person","@id":"https:\/\/www.bridge4mobility.com\/de\/#\/schema\/person\/d8a8f2ef67df38ba2912abac766e53db","name":"Rosa Sanchez","image":{"@type":"ImageObject","inLanguage":"ca","@id":"https:\/\/www.bridge4mobility.com\/de\/#\/schema\/person\/image\/","url":"https:\/\/www.bridge4mobility.com\/wp-content\/uploads\/letter-avatar\/ad15267741798dfac018169b3c617ba0.svg","contentUrl":"https:\/\/www.bridge4mobility.com\/wp-content\/uploads\/letter-avatar\/ad15267741798dfac018169b3c617ba0.svg","caption":"Rosa Sanchez"},"url":"https:\/\/www.bridge4mobility.com\/ca\/author\/r-sanchez\/"}]}},"_links":{"self":[{"href":"https:\/\/www.bridge4mobility.com\/ca\/wp-json\/wp\/v2\/posts\/13103"}],"collection":[{"href":"https:\/\/www.bridge4mobility.com\/ca\/wp-json\/wp\/v2\/posts"}],"about":[{"href":"https:\/\/www.bridge4mobility.com\/ca\/wp-json\/wp\/v2\/types\/post"}],"author":[{"embeddable":true,"href":"https:\/\/www.bridge4mobility.com\/ca\/wp-json\/wp\/v2\/users\/1715"}],"replies":[{"embeddable":true,"href":"https:\/\/www.bridge4mobility.com\/ca\/wp-json\/wp\/v2\/comments?post=13103"}],"version-history":[{"count":0,"href":"https:\/\/www.bridge4mobility.com\/ca\/wp-json\/wp\/v2\/posts\/13103\/revisions"}],"wp:attachment":[{"href":"https:\/\/www.bridge4mobility.com\/ca\/wp-json\/wp\/v2\/media?parent=13103"}],"wp:term":[{"taxonomy":"category","embeddable":true,"href":"https:\/\/www.bridge4mobility.com\/ca\/wp-json\/wp\/v2\/categories?post=13103"},{"taxonomy":"post_tag","embeddable":true,"href":"https:\/\/www.bridge4mobility.com\/ca\/wp-json\/wp\/v2\/tags?post=13103"}],"curies":[{"name":"wp","href":"https:\/\/api.w.org\/{rel}","templated":true}]}}