{"id":12043,"date":"2023-02-20T12:49:58","date_gmt":"2023-02-20T11:49:58","guid":{"rendered":"https:\/\/www.bridge4mobility.com\/?p=12043"},"modified":"2023-02-20T12:49:58","modified_gmt":"2023-02-20T11:49:58","slug":"nova-incorporacio-a-b4m","status":"publish","type":"post","link":"https:\/\/www.bridge4mobility.com\/ca\/nova-incorporacio-a-b4m\/","title":{"rendered":"Nova incorporaci\u00f3 a B4M!"},"content":{"rendered":"<p>Aquesta setmana, a <strong>Bridge4Mobility<\/strong> comptem amb un nou professional. Es tracta de&#8217;n <strong>Carlos Cevallos<\/strong>, qui formar+a part de l&#8217;equip dels projectes Singulars del Servei d&#8217; Ocupaci\u00f3 de Catalunya (SOC).<\/p>\n<p>En Carlos \u00e9s graduat en pedagogia i tamb\u00e9 t\u00e8cnic superior en inform\u00e0tica. T\u00e9 molta experi\u00e8ncia com a orientador laboral i ha treballat en diversos projectes amb joves.<\/p>\n<p>Estem segurs de que, gr\u00e0cies a la seva polival\u00e8ncia, ser\u00e0 un gran fitxatge per a B4M!<\/p>\n<p>Benvingut a l&#8217;equip i molt d&#8217;\u00e8xit !<\/p>\n","protected":false},"excerpt":{"rendered":"<p>Aquesta setmana, a Bridge4Mobility comptem amb un nou professional. Es tracta de&#8217;n Carlos Cevallos, qui formar+a part de l&#8217;equip dels projectes Singulars del Servei d&#8217; Ocupaci\u00f3 de Catalunya (SOC). En Carlos \u00e9s graduat en pedagogia i tamb\u00e9 t\u00e8cnic superior en inform\u00e0tica. T\u00e9 molta experi\u00e8ncia com a orientador laboral i ha treballat en diversos projectes amb<\/p>\n","protected":false},"author":1715,"featured_media":12032,"comment_status":"closed","ping_status":"closed","sticky":false,"template":"","format":"standard","meta":[],"categories":[22],"tags":[102,161,104,162,163,164,75],"yoast_head":"<!-- This site is optimized with the Yoast SEO plugin v19.13 - https:\/\/yoast.com\/wordpress\/plugins\/seo\/ -->\n<title>Nova incorporaci\u00f3 a B4M! - Bridge4Mobility<\/title>\n<meta name=\"robots\" content=\"index, follow, max-snippet:-1, max-image-preview:large, max-video-preview:-1\" \/>\n<link rel=\"canonical\" href=\"https:\/\/www.bridge4mobility.com\/ca\/nova-incorporacio-a-b4m\/\" \/>\n<meta property=\"og:locale\" content=\"ca_ES\" \/>\n<meta property=\"og:type\" content=\"article\" \/>\n<meta property=\"og:title\" content=\"Nova incorporaci\u00f3 a B4M! - Bridge4Mobility\" \/>\n<meta property=\"og:description\" content=\"Aquesta setmana, a Bridge4Mobility comptem amb un nou professional. Es tracta de&#8217;n Carlos Cevallos, qui formar+a part de l&#8217;equip dels projectes Singulars del Servei d&#8217; Ocupaci\u00f3 de Catalunya (SOC). En Carlos \u00e9s graduat en pedagogia i tamb\u00e9 t\u00e8cnic superior en inform\u00e0tica. T\u00e9 molta experi\u00e8ncia com a orientador laboral i ha treballat en diversos projectes amb\" \/>\n<meta property=\"og:url\" content=\"https:\/\/www.bridge4mobility.com\/ca\/nova-incorporacio-a-b4m\/\" \/>\n<meta property=\"og:site_name\" content=\"Bridge4Mobility\" \/>\n<meta property=\"article:published_time\" content=\"2023-02-20T11:49:58+00:00\" \/>\n<meta name=\"author\" content=\"Rosa Sanchez\" \/>\n<meta name=\"twitter:label1\" content=\"Escrit per\" \/>\n\t<meta name=\"twitter:data1\" content=\"Rosa Sanchez\" \/>\n\t<meta name=\"twitter:label2\" content=\"Temps estimat de lectura\" \/>\n\t<meta name=\"twitter:data2\" content=\"1 minut\" \/>\n<script type=\"application\/ld+json\" class=\"yoast-schema-graph\">{\"@context\":\"https:\/\/schema.org\",\"@graph\":[{\"@type\":\"WebPage\",\"@id\":\"https:\/\/www.bridge4mobility.com\/ca\/nova-incorporacio-a-b4m\/\",\"url\":\"https:\/\/www.bridge4mobility.com\/ca\/nova-incorporacio-a-b4m\/\",\"name\":\"Nova incorporaci\u00f3 a B4M! - Bridge4Mobility\",\"isPartOf\":{\"@id\":\"https:\/\/www.bridge4mobility.com\/de\/#website\"},\"datePublished\":\"2023-02-20T11:49:58+00:00\",\"dateModified\":\"2023-02-20T11:49:58+00:00\",\"author\":{\"@id\":\"https:\/\/www.bridge4mobility.com\/de\/#\/schema\/person\/d8a8f2ef67df38ba2912abac766e53db\"},\"breadcrumb\":{\"@id\":\"https:\/\/www.bridge4mobility.com\/ca\/nova-incorporacio-a-b4m\/#breadcrumb\"},\"inLanguage\":\"ca\",\"potentialAction\":[{\"@type\":\"ReadAction\",\"target\":[\"https:\/\/www.bridge4mobility.com\/ca\/nova-incorporacio-a-b4m\/\"]}]},{\"@type\":\"BreadcrumbList\",\"@id\":\"https:\/\/www.bridge4mobility.com\/ca\/nova-incorporacio-a-b4m\/#breadcrumb\",\"itemListElement\":[{\"@type\":\"ListItem\",\"position\":1,\"name\":\"Home\",\"item\":\"https:\/\/www.bridge4mobility.com\/ca\/\"},{\"@type\":\"ListItem\",\"position\":2,\"name\":\"Nova incorporaci\u00f3 a B4M!\"}]},{\"@type\":\"WebSite\",\"@id\":\"https:\/\/www.bridge4mobility.com\/de\/#website\",\"url\":\"https:\/\/www.bridge4mobility.com\/de\/\",\"name\":\"Bridge4Mobility\",\"description\":\"Qualifizierte Fachkr\u00e4fte aus Spanien\",\"potentialAction\":[{\"@type\":\"SearchAction\",\"target\":{\"@type\":\"EntryPoint\",\"urlTemplate\":\"https:\/\/www.bridge4mobility.com\/de\/?s={search_term_string}\"},\"query-input\":\"required name=search_term_string\"}],\"inLanguage\":\"ca\"},{\"@type\":\"Person\",\"@id\":\"https:\/\/www.bridge4mobility.com\/de\/#\/schema\/person\/d8a8f2ef67df38ba2912abac766e53db\",\"name\":\"Rosa Sanchez\",\"image\":{\"@type\":\"ImageObject\",\"inLanguage\":\"ca\",\"@id\":\"https:\/\/www.bridge4mobility.com\/de\/#\/schema\/person\/image\/\",\"url\":\"https:\/\/www.bridge4mobility.com\/wp-content\/uploads\/letter-avatar\/ad15267741798dfac018169b3c617ba0.svg\",\"contentUrl\":\"https:\/\/www.bridge4mobility.com\/wp-content\/uploads\/letter-avatar\/ad15267741798dfac018169b3c617ba0.svg\",\"caption\":\"Rosa Sanchez\"},\"url\":\"https:\/\/www.bridge4mobility.com\/ca\/author\/r-sanchez\/\"}]}<\/script>\n<!-- \/ Yoast SEO plugin. -->","yoast_head_json":{"title":"Nova incorporaci\u00f3 a B4M! - Bridge4Mobility","robots":{"index":"index","follow":"follow","max-snippet":"max-snippet:-1","max-image-preview":"max-image-preview:large","max-video-preview":"max-video-preview:-1"},"canonical":"https:\/\/www.bridge4mobility.com\/ca\/nova-incorporacio-a-b4m\/","og_locale":"ca_ES","og_type":"article","og_title":"Nova incorporaci\u00f3 a B4M! - Bridge4Mobility","og_description":"Aquesta setmana, a Bridge4Mobility comptem amb un nou professional. Es tracta de&#8217;n Carlos Cevallos, qui formar+a part de l&#8217;equip dels projectes Singulars del Servei d&#8217; Ocupaci\u00f3 de Catalunya (SOC). En Carlos \u00e9s graduat en pedagogia i tamb\u00e9 t\u00e8cnic superior en inform\u00e0tica. T\u00e9 molta experi\u00e8ncia com a orientador laboral i ha treballat en diversos projectes amb","og_url":"https:\/\/www.bridge4mobility.com\/ca\/nova-incorporacio-a-b4m\/","og_site_name":"Bridge4Mobility","article_published_time":"2023-02-20T11:49:58+00:00","author":"Rosa Sanchez","twitter_misc":{"Escrit per":"Rosa Sanchez","Temps estimat de lectura":"1 minut"},"schema":{"@context":"https:\/\/schema.org","@graph":[{"@type":"WebPage","@id":"https:\/\/www.bridge4mobility.com\/ca\/nova-incorporacio-a-b4m\/","url":"https:\/\/www.bridge4mobility.com\/ca\/nova-incorporacio-a-b4m\/","name":"Nova incorporaci\u00f3 a B4M! - Bridge4Mobility","isPartOf":{"@id":"https:\/\/www.bridge4mobility.com\/de\/#website"},"datePublished":"2023-02-20T11:49:58+00:00","dateModified":"2023-02-20T11:49:58+00:00","author":{"@id":"https:\/\/www.bridge4mobility.com\/de\/#\/schema\/person\/d8a8f2ef67df38ba2912abac766e53db"},"breadcrumb":{"@id":"https:\/\/www.bridge4mobility.com\/ca\/nova-incorporacio-a-b4m\/#breadcrumb"},"inLanguage":"ca","potentialAction":[{"@type":"ReadAction","target":["https:\/\/www.bridge4mobility.com\/ca\/nova-incorporacio-a-b4m\/"]}]},{"@type":"BreadcrumbList","@id":"https:\/\/www.bridge4mobility.com\/ca\/nova-incorporacio-a-b4m\/#breadcrumb","itemListElement":[{"@type":"ListItem","position":1,"name":"Home","item":"https:\/\/www.bridge4mobility.com\/ca\/"},{"@type":"ListItem","position":2,"name":"Nova incorporaci\u00f3 a B4M!"}]},{"@type":"WebSite","@id":"https:\/\/www.bridge4mobility.com\/de\/#website","url":"https:\/\/www.bridge4mobility.com\/de\/","name":"Bridge4Mobility","description":"Qualifizierte Fachkr\u00e4fte aus Spanien","potentialAction":[{"@type":"SearchAction","target":{"@type":"EntryPoint","urlTemplate":"https:\/\/www.bridge4mobility.com\/de\/?s={search_term_string}"},"query-input":"required name=search_term_string"}],"inLanguage":"ca"},{"@type":"Person","@id":"https:\/\/www.bridge4mobility.com\/de\/#\/schema\/person\/d8a8f2ef67df38ba2912abac766e53db","name":"Rosa Sanchez","image":{"@type":"ImageObject","inLanguage":"ca","@id":"https:\/\/www.bridge4mobility.com\/de\/#\/schema\/person\/image\/","url":"https:\/\/www.bridge4mobility.com\/wp-content\/uploads\/letter-avatar\/ad15267741798dfac018169b3c617ba0.svg","contentUrl":"https:\/\/www.bridge4mobility.com\/wp-content\/uploads\/letter-avatar\/ad15267741798dfac018169b3c617ba0.svg","caption":"Rosa Sanchez"},"url":"https:\/\/www.bridge4mobility.com\/ca\/author\/r-sanchez\/"}]}},"_links":{"self":[{"href":"https:\/\/www.bridge4mobility.com\/ca\/wp-json\/wp\/v2\/posts\/12043"}],"collection":[{"href":"https:\/\/www.bridge4mobility.com\/ca\/wp-json\/wp\/v2\/posts"}],"about":[{"href":"https:\/\/www.bridge4mobility.com\/ca\/wp-json\/wp\/v2\/types\/post"}],"author":[{"embeddable":true,"href":"https:\/\/www.bridge4mobility.com\/ca\/wp-json\/wp\/v2\/users\/1715"}],"replies":[{"embeddable":true,"href":"https:\/\/www.bridge4mobility.com\/ca\/wp-json\/wp\/v2\/comments?post=12043"}],"version-history":[{"count":1,"href":"https:\/\/www.bridge4mobility.com\/ca\/wp-json\/wp\/v2\/posts\/12043\/revisions"}],"predecessor-version":[{"id":12044,"href":"https:\/\/www.bridge4mobility.com\/ca\/wp-json\/wp\/v2\/posts\/12043\/revisions\/12044"}],"wp:featuredmedia":[{"embeddable":true,"href":"https:\/\/www.bridge4mobility.com\/ca\/wp-json\/wp\/v2\/media\/12032"}],"wp:attachment":[{"href":"https:\/\/www.bridge4mobility.com\/ca\/wp-json\/wp\/v2\/media?parent=12043"}],"wp:term":[{"taxonomy":"category","embeddable":true,"href":"https:\/\/www.bridge4mobility.com\/ca\/wp-json\/wp\/v2\/categories?post=12043"},{"taxonomy":"post_tag","embeddable":true,"href":"https:\/\/www.bridge4mobility.com\/ca\/wp-json\/wp\/v2\/tags?post=12043"}],"curies":[{"name":"wp","href":"https:\/\/api.w.org\/{rel}","templated":true}]}}