{"id":11881,"date":"2022-10-05T15:40:18","date_gmt":"2022-10-05T13:40:18","guid":{"rendered":"https:\/\/www.bridge4mobility.com\/?p=11881"},"modified":"2022-10-05T15:40:18","modified_gmt":"2022-10-05T13:40:18","slug":"ens-visita-lalcalde-de-mataro-sr-david-bote","status":"publish","type":"post","link":"https:\/\/www.bridge4mobility.com\/ca\/ens-visita-lalcalde-de-mataro-sr-david-bote\/","title":{"rendered":"Ens visita l&#8217;alcalde de Matar\u00f3, Sr. David Bote"},"content":{"rendered":"<p>Avui a Bridge4Mobility estem molt agra\u00efts de la visita de l&#8217;alcalde de Matar\u00f3, el Sr. David Bote.<\/p>\n<p>Hem pogut explicar i compartir l&#8217;\u00e8xit dels nostres projectes de mobilitat internacional de joves de Matar\u00f3 i de la resta de Catalunya.<\/p>\n<p>Gr\u00e0cies tamb\u00e9 al Sergi Collado, candidat d&#8217;un projecte de 2016, pel seu testimoni !<\/p>\n","protected":false},"excerpt":{"rendered":"<p>Avui a Bridge4Mobility estem molt agra\u00efts de la visita de l&#8217;alcalde de Matar\u00f3, el Sr. David Bote. Hem pogut explicar i compartir l&#8217;\u00e8xit dels nostres projectes de mobilitat internacional de joves de Matar\u00f3 i de la resta de Catalunya. Gr\u00e0cies tamb\u00e9 al Sergi Collado, candidat d&#8217;un projecte de 2016, pel seu testimoni !<\/p>\n","protected":false},"author":1715,"featured_media":11879,"comment_status":"closed","ping_status":"closed","sticky":false,"template":"","format":"standard","meta":[],"categories":[23,22],"tags":[140,144,42,143],"yoast_head":"<!-- This site is optimized with the Yoast SEO plugin v19.13 - https:\/\/yoast.com\/wordpress\/plugins\/seo\/ -->\n<title>Ens visita l&#039;alcalde de Matar\u00f3, Sr. David Bote - Bridge4Mobility<\/title>\n<meta name=\"robots\" content=\"index, follow, max-snippet:-1, max-image-preview:large, max-video-preview:-1\" \/>\n<link rel=\"canonical\" href=\"https:\/\/www.bridge4mobility.com\/ca\/ens-visita-lalcalde-de-mataro-sr-david-bote\/\" \/>\n<meta property=\"og:locale\" content=\"ca_ES\" \/>\n<meta property=\"og:type\" content=\"article\" \/>\n<meta property=\"og:title\" content=\"Ens visita l&#039;alcalde de Matar\u00f3, Sr. David Bote - Bridge4Mobility\" \/>\n<meta property=\"og:description\" content=\"Avui a Bridge4Mobility estem molt agra\u00efts de la visita de l&#8217;alcalde de Matar\u00f3, el Sr. David Bote. Hem pogut explicar i compartir l&#8217;\u00e8xit dels nostres projectes de mobilitat internacional de joves de Matar\u00f3 i de la resta de Catalunya. Gr\u00e0cies tamb\u00e9 al Sergi Collado, candidat d&#8217;un projecte de 2016, pel seu testimoni !\" \/>\n<meta property=\"og:url\" content=\"https:\/\/www.bridge4mobility.com\/ca\/ens-visita-lalcalde-de-mataro-sr-david-bote\/\" \/>\n<meta property=\"og:site_name\" content=\"Bridge4Mobility\" \/>\n<meta property=\"article:published_time\" content=\"2022-10-05T13:40:18+00:00\" \/>\n<meta name=\"author\" content=\"Rosa Sanchez\" \/>\n<meta name=\"twitter:label1\" content=\"Escrit per\" \/>\n\t<meta name=\"twitter:data1\" content=\"Rosa Sanchez\" \/>\n\t<meta name=\"twitter:label2\" content=\"Temps estimat de lectura\" \/>\n\t<meta name=\"twitter:data2\" content=\"1 minut\" \/>\n<script type=\"application\/ld+json\" class=\"yoast-schema-graph\">{\"@context\":\"https:\/\/schema.org\",\"@graph\":[{\"@type\":\"WebPage\",\"@id\":\"https:\/\/www.bridge4mobility.com\/ca\/ens-visita-lalcalde-de-mataro-sr-david-bote\/\",\"url\":\"https:\/\/www.bridge4mobility.com\/ca\/ens-visita-lalcalde-de-mataro-sr-david-bote\/\",\"name\":\"Ens visita l'alcalde de Matar\u00f3, Sr. David Bote - Bridge4Mobility\",\"isPartOf\":{\"@id\":\"https:\/\/www.bridge4mobility.com\/de\/#website\"},\"datePublished\":\"2022-10-05T13:40:18+00:00\",\"dateModified\":\"2022-10-05T13:40:18+00:00\",\"author\":{\"@id\":\"https:\/\/www.bridge4mobility.com\/de\/#\/schema\/person\/d8a8f2ef67df38ba2912abac766e53db\"},\"breadcrumb\":{\"@id\":\"https:\/\/www.bridge4mobility.com\/ca\/ens-visita-lalcalde-de-mataro-sr-david-bote\/#breadcrumb\"},\"inLanguage\":\"ca\",\"potentialAction\":[{\"@type\":\"ReadAction\",\"target\":[\"https:\/\/www.bridge4mobility.com\/ca\/ens-visita-lalcalde-de-mataro-sr-david-bote\/\"]}]},{\"@type\":\"BreadcrumbList\",\"@id\":\"https:\/\/www.bridge4mobility.com\/ca\/ens-visita-lalcalde-de-mataro-sr-david-bote\/#breadcrumb\",\"itemListElement\":[{\"@type\":\"ListItem\",\"position\":1,\"name\":\"Home\",\"item\":\"https:\/\/www.bridge4mobility.com\/ca\/\"},{\"@type\":\"ListItem\",\"position\":2,\"name\":\"Ens visita l&#8217;alcalde de Matar\u00f3, Sr. David Bote\"}]},{\"@type\":\"WebSite\",\"@id\":\"https:\/\/www.bridge4mobility.com\/de\/#website\",\"url\":\"https:\/\/www.bridge4mobility.com\/de\/\",\"name\":\"Bridge4Mobility\",\"description\":\"Qualifizierte Fachkr\u00e4fte aus Spanien\",\"potentialAction\":[{\"@type\":\"SearchAction\",\"target\":{\"@type\":\"EntryPoint\",\"urlTemplate\":\"https:\/\/www.bridge4mobility.com\/de\/?s={search_term_string}\"},\"query-input\":\"required name=search_term_string\"}],\"inLanguage\":\"ca\"},{\"@type\":\"Person\",\"@id\":\"https:\/\/www.bridge4mobility.com\/de\/#\/schema\/person\/d8a8f2ef67df38ba2912abac766e53db\",\"name\":\"Rosa Sanchez\",\"image\":{\"@type\":\"ImageObject\",\"inLanguage\":\"ca\",\"@id\":\"https:\/\/www.bridge4mobility.com\/de\/#\/schema\/person\/image\/\",\"url\":\"https:\/\/www.bridge4mobility.com\/wp-content\/uploads\/letter-avatar\/ad15267741798dfac018169b3c617ba0.svg\",\"contentUrl\":\"https:\/\/www.bridge4mobility.com\/wp-content\/uploads\/letter-avatar\/ad15267741798dfac018169b3c617ba0.svg\",\"caption\":\"Rosa Sanchez\"},\"url\":\"https:\/\/www.bridge4mobility.com\/ca\/author\/r-sanchez\/\"}]}<\/script>\n<!-- \/ Yoast SEO plugin. -->","yoast_head_json":{"title":"Ens visita l'alcalde de Matar\u00f3, Sr. David Bote - Bridge4Mobility","robots":{"index":"index","follow":"follow","max-snippet":"max-snippet:-1","max-image-preview":"max-image-preview:large","max-video-preview":"max-video-preview:-1"},"canonical":"https:\/\/www.bridge4mobility.com\/ca\/ens-visita-lalcalde-de-mataro-sr-david-bote\/","og_locale":"ca_ES","og_type":"article","og_title":"Ens visita l'alcalde de Matar\u00f3, Sr. David Bote - Bridge4Mobility","og_description":"Avui a Bridge4Mobility estem molt agra\u00efts de la visita de l&#8217;alcalde de Matar\u00f3, el Sr. David Bote. Hem pogut explicar i compartir l&#8217;\u00e8xit dels nostres projectes de mobilitat internacional de joves de Matar\u00f3 i de la resta de Catalunya. Gr\u00e0cies tamb\u00e9 al Sergi Collado, candidat d&#8217;un projecte de 2016, pel seu testimoni !","og_url":"https:\/\/www.bridge4mobility.com\/ca\/ens-visita-lalcalde-de-mataro-sr-david-bote\/","og_site_name":"Bridge4Mobility","article_published_time":"2022-10-05T13:40:18+00:00","author":"Rosa Sanchez","twitter_misc":{"Escrit per":"Rosa Sanchez","Temps estimat de lectura":"1 minut"},"schema":{"@context":"https:\/\/schema.org","@graph":[{"@type":"WebPage","@id":"https:\/\/www.bridge4mobility.com\/ca\/ens-visita-lalcalde-de-mataro-sr-david-bote\/","url":"https:\/\/www.bridge4mobility.com\/ca\/ens-visita-lalcalde-de-mataro-sr-david-bote\/","name":"Ens visita l'alcalde de Matar\u00f3, Sr. David Bote - Bridge4Mobility","isPartOf":{"@id":"https:\/\/www.bridge4mobility.com\/de\/#website"},"datePublished":"2022-10-05T13:40:18+00:00","dateModified":"2022-10-05T13:40:18+00:00","author":{"@id":"https:\/\/www.bridge4mobility.com\/de\/#\/schema\/person\/d8a8f2ef67df38ba2912abac766e53db"},"breadcrumb":{"@id":"https:\/\/www.bridge4mobility.com\/ca\/ens-visita-lalcalde-de-mataro-sr-david-bote\/#breadcrumb"},"inLanguage":"ca","potentialAction":[{"@type":"ReadAction","target":["https:\/\/www.bridge4mobility.com\/ca\/ens-visita-lalcalde-de-mataro-sr-david-bote\/"]}]},{"@type":"BreadcrumbList","@id":"https:\/\/www.bridge4mobility.com\/ca\/ens-visita-lalcalde-de-mataro-sr-david-bote\/#breadcrumb","itemListElement":[{"@type":"ListItem","position":1,"name":"Home","item":"https:\/\/www.bridge4mobility.com\/ca\/"},{"@type":"ListItem","position":2,"name":"Ens visita l&#8217;alcalde de Matar\u00f3, Sr. David Bote"}]},{"@type":"WebSite","@id":"https:\/\/www.bridge4mobility.com\/de\/#website","url":"https:\/\/www.bridge4mobility.com\/de\/","name":"Bridge4Mobility","description":"Qualifizierte Fachkr\u00e4fte aus Spanien","potentialAction":[{"@type":"SearchAction","target":{"@type":"EntryPoint","urlTemplate":"https:\/\/www.bridge4mobility.com\/de\/?s={search_term_string}"},"query-input":"required name=search_term_string"}],"inLanguage":"ca"},{"@type":"Person","@id":"https:\/\/www.bridge4mobility.com\/de\/#\/schema\/person\/d8a8f2ef67df38ba2912abac766e53db","name":"Rosa Sanchez","image":{"@type":"ImageObject","inLanguage":"ca","@id":"https:\/\/www.bridge4mobility.com\/de\/#\/schema\/person\/image\/","url":"https:\/\/www.bridge4mobility.com\/wp-content\/uploads\/letter-avatar\/ad15267741798dfac018169b3c617ba0.svg","contentUrl":"https:\/\/www.bridge4mobility.com\/wp-content\/uploads\/letter-avatar\/ad15267741798dfac018169b3c617ba0.svg","caption":"Rosa Sanchez"},"url":"https:\/\/www.bridge4mobility.com\/ca\/author\/r-sanchez\/"}]}},"_links":{"self":[{"href":"https:\/\/www.bridge4mobility.com\/ca\/wp-json\/wp\/v2\/posts\/11881"}],"collection":[{"href":"https:\/\/www.bridge4mobility.com\/ca\/wp-json\/wp\/v2\/posts"}],"about":[{"href":"https:\/\/www.bridge4mobility.com\/ca\/wp-json\/wp\/v2\/types\/post"}],"author":[{"embeddable":true,"href":"https:\/\/www.bridge4mobility.com\/ca\/wp-json\/wp\/v2\/users\/1715"}],"replies":[{"embeddable":true,"href":"https:\/\/www.bridge4mobility.com\/ca\/wp-json\/wp\/v2\/comments?post=11881"}],"version-history":[{"count":1,"href":"https:\/\/www.bridge4mobility.com\/ca\/wp-json\/wp\/v2\/posts\/11881\/revisions"}],"predecessor-version":[{"id":11882,"href":"https:\/\/www.bridge4mobility.com\/ca\/wp-json\/wp\/v2\/posts\/11881\/revisions\/11882"}],"wp:featuredmedia":[{"embeddable":true,"href":"https:\/\/www.bridge4mobility.com\/ca\/wp-json\/wp\/v2\/media\/11879"}],"wp:attachment":[{"href":"https:\/\/www.bridge4mobility.com\/ca\/wp-json\/wp\/v2\/media?parent=11881"}],"wp:term":[{"taxonomy":"category","embeddable":true,"href":"https:\/\/www.bridge4mobility.com\/ca\/wp-json\/wp\/v2\/categories?post=11881"},{"taxonomy":"post_tag","embeddable":true,"href":"https:\/\/www.bridge4mobility.com\/ca\/wp-json\/wp\/v2\/tags?post=11881"}],"curies":[{"name":"wp","href":"https:\/\/api.w.org\/{rel}","templated":true}]}}