{"id":11382,"date":"2021-11-26T10:47:31","date_gmt":"2021-11-26T09:47:31","guid":{"rendered":"https:\/\/www.bridge4mobility.com\/?p=11382"},"modified":"2021-11-26T10:47:52","modified_gmt":"2021-11-26T09:47:52","slug":"eisenmoorbad-bad-schmiedeberg-infermeres-alemanya-colombia","status":"publish","type":"post","link":"https:\/\/www.bridge4mobility.com\/ca\/eisenmoorbad-bad-schmiedeberg-infermeres-alemanya-colombia\/","title":{"rendered":"Eisenmoorbad Bad Schmiedeberg dona la benvinguda a 6 infermeres de Col\u00f2mbia"},"content":{"rendered":"<p><span id=\"[0,1]\" class=\"word\">L<\/span>&#8216; empresa <strong>Ei<span id=\"[2,14]\" class=\"word\">senmoorbad<\/span> <\/strong><span id=\"[15,17]\" class=\"word\">de<\/span> <span id=\"[18,21]\" class=\"word\">Bad<\/span> <span id=\"[22,34]\" class=\"word\">Schmiedeberg<\/span>, <span id=\"[36,47]\" class=\"word\">representada<\/span> <span id=\"[48,51]\" class=\"word\">pel<\/span> <span id=\"[52,60]\" class=\"word\">director<\/span> <span id=\"[61,68]\" class=\"word\">general<\/span>, <span id=\"[70,72]\" class=\"word\">Sr<\/span>. <span id=\"[74,81]\" class=\"word\">Lehmann<\/span> (<span id=\"[83,85]\" class=\"word\">4t<\/span> <span id=\"[86,89]\" class=\"word\">per<\/span> <span id=\"[90,92]\" class=\"word\">la<\/span> <span id=\"[93,98]\" class=\"word\">dreta<\/span>) <span id=\"[100,101]\" class=\"word\">i<\/span> <span id=\"[102,104]\" class=\"word\">el<\/span> <span id=\"[105,113]\" class=\"word\">director<\/span> <span id=\"[114,115]\" class=\"word\">d<\/span>&#8216;<span id=\"[116,126]\" class=\"word\">infermeria<\/span>, <span id=\"[128,130]\" class=\"word\">Sr<\/span>. <span id=\"[132,139]\" class=\"word\">Conradt<\/span> (<span id=\"[141,143]\" class=\"word\">2n<\/span> <span id=\"[144,147]\" class=\"word\">per<\/span> <span id=\"[148,150]\" class=\"word\">la<\/span> <span id=\"[151,156]\" class=\"word\">dreta<\/span>), <span id=\"[159,161]\" class=\"word\">va<\/span> <span id=\"[162,167]\" class=\"word\">donar<\/span> <span id=\"[168,170]\" class=\"word\">la<\/span> b<span id=\"[172,181]\" class=\"word\">envinguda<\/span> <span id=\"[182,183]\" class=\"word\">a<\/span> <strong><span id=\"[184,185]\" class=\"word\">6<\/span> <span id=\"[186,196]\" class=\"word\">infermeres<\/span> <span id=\"[197,199]\" class=\"word\">de<\/span> <span id=\"[200,208]\" class=\"word\">Col\u00f2mbia<\/span><\/strong> <span id=\"[209,216]\" class=\"word\">aquesta<\/span> <span id=\"[217,224]\" class=\"word\">setmana<\/span>. <span id=\"[226,228]\" class=\"word\">La<\/span> <span id=\"[229,241]\" class=\"word\">contractaci\u00f3<\/span> <span id=\"[242,243]\" class=\"word\">a<\/span> <span id=\"[244,252]\" class=\"word\">Col\u00f2mbia<\/span>, <span id=\"[254,256]\" class=\"word\">la<\/span> <span id=\"[257,267]\" class=\"word\">preparaci\u00f3<\/span> <span id=\"[268,279]\" class=\"word\">ling\u00fc\u00edstica<\/span>\u00a0i\u00a0<span id=\"[289,291]\" class=\"word\">el<\/span> <span id=\"[292,298]\" class=\"word\">suport<\/span> <span id=\"[299,301]\" class=\"word\">al<\/span> <span id=\"[302,313]\" class=\"word\">procediment<\/span> <span id=\"[314,316]\" class=\"word\">d&#8217;homologaci\u00f3\u00a0<\/span><span id=\"[331,334]\" class=\"word\">van<\/span> <span id=\"[335,338]\" class=\"word\">ser<\/span> <span id=\"[339,349]\" class=\"word\">realitzats<\/span> <span id=\"[350,353]\" class=\"word\">per<\/span> <strong><span id=\"[354,369]\" class=\"word\">Bridge4Mobility<\/span><\/strong>, <span id=\"[371,382]\" class=\"word\">representat<\/span> <span id=\"[383,387]\" class=\"word\">aqu\u00ed<\/span> <span id=\"[388,391]\" class=\"word\">pel<\/span> <span id=\"[392,400]\" class=\"word\">director<\/span> <span id=\"[401,408]\" class=\"word\">general<\/span>, <span id=\"[410,412]\" class=\"word\">el<\/span> <span id=\"[413,415]\" class=\"word\">Sr<\/span>. <span id=\"[417,421]\" class=\"word\">Damm<\/span> (<span id=\"[423,425]\" class=\"word\">4t<\/span> <span id=\"[426,429]\" class=\"word\">per<\/span> <span id=\"[430,431]\" class=\"word\">l<\/span>&#8216;<span id=\"[432,440]\" class=\"word\">esquerra<\/span>) <span id=\"[442,443]\" class=\"word\">i<\/span> <span id=\"[444,446]\" class=\"word\">el<\/span> <span id=\"[447,451]\" class=\"word\">soci<\/span> <span id=\"[452,453]\" class=\"word\">a<\/span> <span id=\"[454,462]\" class=\"word\">Alemanya<\/span>, <span id=\"[464,466]\" class=\"word\">El<\/span> <span id=\"[467,469]\" class=\"word\">Sr<\/span>. L\u00f6ser (<span id=\"[485,487]\" class=\"word\">2n<\/span> <span id=\"[488,491]\" class=\"word\">per<\/span> <span id=\"[492,493]\" class=\"word\">l<\/span>&#8216;<span id=\"[494,502]\" class=\"word\">esquerra<\/span>). <span id=\"[505,508]\" class=\"word\">Ara<\/span> <span id=\"[509,511]\" class=\"word\">es<\/span> <span id=\"[512,518]\" class=\"word\">tracta<\/span> <span id=\"[519,520]\" class=\"word\">d<\/span>&#8216;<span id=\"[521,532]\" class=\"word\">integrar-se<\/span> <span id=\"[533,543]\" class=\"word\">r\u00e0pidament<\/span> <span id=\"[544,546]\" class=\"word\">en<\/span> <span id=\"[547,549]\" class=\"word\">el<\/span> <span id=\"[550,552]\" class=\"word\">no<\/span>u <span id=\"[554,560]\" class=\"word\">entorn<\/span>, <span id=\"[562,569]\" class=\"word\">aplicar<\/span> <span id=\"[570,571]\" class=\"word\">i<\/span> <span id=\"[572,579]\" class=\"word\">ampliar<\/span> <span id=\"[580,583]\" class=\"word\">les<\/span> <span id=\"[584,594]\" class=\"word\">habilitats<\/span> <span id=\"[595,608]\" class=\"word\">ling\u00fc\u00edstiques<\/span> <span id=\"[609,618]\" class=\"word\">alemanyes<\/span> <span id=\"[619,622]\" class=\"word\">que<\/span> <span id=\"[623,625]\" class=\"word\">han<\/span>\u00a0<span id=\"[627,632]\" class=\"word\">apr\u00e8s<\/span> <span id=\"[633,634]\" class=\"word\">i<\/span> <span id=\"[635,647]\" class=\"word\">preparar-se<\/span> <span id=\"[648,650]\" class=\"word\">de<\/span> <span id=\"[651,657]\" class=\"word\">manera<\/span> <span id=\"[658,664]\" class=\"word\">\u00f2ptima<\/span> <span id=\"[665,668]\" class=\"word\">per<\/span> <span id=\"[669,670]\" class=\"word\">a<\/span> <span id=\"[671,673]\" class=\"word\">la<\/span> <span id=\"[674,681]\" class=\"word\">propera<\/span> <span id=\"[682,687]\" class=\"word\">prova<\/span> <span id=\"[688,690]\" class=\"word\">de<\/span> <span id=\"[691,702]\" class=\"word\">coneixements<\/span> <span id=\"[703,706]\" class=\"word\">com<\/span> <span id=\"[707,708]\" class=\"word\">a<\/span> <span id=\"[709,718]\" class=\"word\">infermeres<\/span>\u00a0<span id=\"[719,720]\" class=\"word\">a<\/span> <span id=\"[721,729]\" class=\"word\">Alemanya<\/span> <span id=\"[730,732]\" class=\"word\">en<\/span> u<span id=\"[734,736]\" class=\"word\">ns<\/span> <span id=\"[737,738]\" class=\"word\">4<\/span> <span id=\"[739,744]\" class=\"word\">mesos<\/span>.<\/p>\n<p>Felicitats\u00a0<span id=\"[759,762]\" class=\"word\">per l&#8217;\u00e8xit aconseguit fins<\/span>\u00a0<span id=\"[787,790]\" class=\"word\">ara<\/span> <span id=\"[791,792]\" class=\"word\">i<\/span>\u00a0molta sort en el futur!<\/p>\n","protected":false},"excerpt":{"rendered":"<p>L&#8216; empresa Eisenmoorbad de Bad Schmiedeberg, representada pel director general, Sr. Lehmann (4t per la dreta) i el director d&#8216;infermeria, Sr. Conradt (2n per la dreta), va donar la benvinguda a 6 infermeres de Col\u00f2mbia aquesta setmana. La contractaci\u00f3 a Col\u00f2mbia, la preparaci\u00f3 ling\u00fc\u00edstica\u00a0i\u00a0el suport al procediment d&#8217;homologaci\u00f3\u00a0van ser realitzats per Bridge4Mobility, representat aqu\u00ed pel<\/p>\n","protected":false},"author":1715,"featured_media":11368,"comment_status":"closed","ping_status":"closed","sticky":false,"template":"","format":"standard","meta":[],"categories":[23,22],"tags":[41,114,87],"yoast_head":"<!-- This site is optimized with the Yoast SEO plugin v19.13 - https:\/\/yoast.com\/wordpress\/plugins\/seo\/ -->\n<title>Eisenmoorbad Bad Schmiedeberg dona la benvinguda a 6 infermeres de Col\u00f2mbia - Bridge4Mobility<\/title>\n<meta name=\"robots\" content=\"index, follow, max-snippet:-1, max-image-preview:large, max-video-preview:-1\" \/>\n<link rel=\"canonical\" href=\"https:\/\/www.bridge4mobility.com\/ca\/eisenmoorbad-bad-schmiedeberg-infermeres-alemanya-colombia\/\" \/>\n<meta property=\"og:locale\" content=\"ca_ES\" \/>\n<meta property=\"og:type\" content=\"article\" \/>\n<meta property=\"og:title\" content=\"Eisenmoorbad Bad Schmiedeberg dona la benvinguda a 6 infermeres de Col\u00f2mbia - Bridge4Mobility\" \/>\n<meta property=\"og:description\" content=\"L&#8216; empresa Eisenmoorbad de Bad Schmiedeberg, representada pel director general, Sr. Lehmann (4t per la dreta) i el director d&#8216;infermeria, Sr. Conradt (2n per la dreta), va donar la benvinguda a 6 infermeres de Col\u00f2mbia aquesta setmana. La contractaci\u00f3 a Col\u00f2mbia, la preparaci\u00f3 ling\u00fc\u00edstica\u00a0i\u00a0el suport al procediment d&#8217;homologaci\u00f3\u00a0van ser realitzats per Bridge4Mobility, representat aqu\u00ed pel\" \/>\n<meta property=\"og:url\" content=\"https:\/\/www.bridge4mobility.com\/ca\/eisenmoorbad-bad-schmiedeberg-infermeres-alemanya-colombia\/\" \/>\n<meta property=\"og:site_name\" content=\"Bridge4Mobility\" \/>\n<meta property=\"article:published_time\" content=\"2021-11-26T09:47:31+00:00\" \/>\n<meta property=\"article:modified_time\" content=\"2021-11-26T09:47:52+00:00\" \/>\n<meta property=\"og:image\" content=\"https:\/\/www.bridge4mobility.com\/wp-content\/uploads\/Captura-de-pantalla-2021-11-26-101659.png\" \/>\n\t<meta property=\"og:image:width\" content=\"1310\" \/>\n\t<meta property=\"og:image:height\" content=\"634\" \/>\n\t<meta property=\"og:image:type\" content=\"image\/png\" \/>\n<meta name=\"author\" content=\"Rosa Sanchez\" \/>\n<meta name=\"twitter:label1\" content=\"Escrit per\" \/>\n\t<meta name=\"twitter:data1\" content=\"Rosa Sanchez\" \/>\n\t<meta name=\"twitter:label2\" content=\"Temps estimat de lectura\" \/>\n\t<meta name=\"twitter:data2\" content=\"1 minut\" \/>\n<script type=\"application\/ld+json\" class=\"yoast-schema-graph\">{\"@context\":\"https:\/\/schema.org\",\"@graph\":[{\"@type\":\"WebPage\",\"@id\":\"https:\/\/www.bridge4mobility.com\/ca\/eisenmoorbad-bad-schmiedeberg-infermeres-alemanya-colombia\/\",\"url\":\"https:\/\/www.bridge4mobility.com\/ca\/eisenmoorbad-bad-schmiedeberg-infermeres-alemanya-colombia\/\",\"name\":\"Eisenmoorbad Bad Schmiedeberg dona la benvinguda a 6 infermeres de Col\u00f2mbia - Bridge4Mobility\",\"isPartOf\":{\"@id\":\"https:\/\/www.bridge4mobility.com\/de\/#website\"},\"datePublished\":\"2021-11-26T09:47:31+00:00\",\"dateModified\":\"2021-11-26T09:47:52+00:00\",\"author\":{\"@id\":\"https:\/\/www.bridge4mobility.com\/de\/#\/schema\/person\/d8a8f2ef67df38ba2912abac766e53db\"},\"breadcrumb\":{\"@id\":\"https:\/\/www.bridge4mobility.com\/ca\/eisenmoorbad-bad-schmiedeberg-infermeres-alemanya-colombia\/#breadcrumb\"},\"inLanguage\":\"ca\",\"potentialAction\":[{\"@type\":\"ReadAction\",\"target\":[\"https:\/\/www.bridge4mobility.com\/ca\/eisenmoorbad-bad-schmiedeberg-infermeres-alemanya-colombia\/\"]}]},{\"@type\":\"BreadcrumbList\",\"@id\":\"https:\/\/www.bridge4mobility.com\/ca\/eisenmoorbad-bad-schmiedeberg-infermeres-alemanya-colombia\/#breadcrumb\",\"itemListElement\":[{\"@type\":\"ListItem\",\"position\":1,\"name\":\"Home\",\"item\":\"https:\/\/www.bridge4mobility.com\/ca\/\"},{\"@type\":\"ListItem\",\"position\":2,\"name\":\"Eisenmoorbad Bad Schmiedeberg dona la benvinguda a 6 infermeres de Col\u00f2mbia\"}]},{\"@type\":\"WebSite\",\"@id\":\"https:\/\/www.bridge4mobility.com\/de\/#website\",\"url\":\"https:\/\/www.bridge4mobility.com\/de\/\",\"name\":\"Bridge4Mobility\",\"description\":\"Qualifizierte Fachkr\u00e4fte aus Spanien\",\"potentialAction\":[{\"@type\":\"SearchAction\",\"target\":{\"@type\":\"EntryPoint\",\"urlTemplate\":\"https:\/\/www.bridge4mobility.com\/de\/?s={search_term_string}\"},\"query-input\":\"required name=search_term_string\"}],\"inLanguage\":\"ca\"},{\"@type\":\"Person\",\"@id\":\"https:\/\/www.bridge4mobility.com\/de\/#\/schema\/person\/d8a8f2ef67df38ba2912abac766e53db\",\"name\":\"Rosa Sanchez\",\"image\":{\"@type\":\"ImageObject\",\"inLanguage\":\"ca\",\"@id\":\"https:\/\/www.bridge4mobility.com\/de\/#\/schema\/person\/image\/\",\"url\":\"https:\/\/www.bridge4mobility.com\/wp-content\/uploads\/letter-avatar\/ad15267741798dfac018169b3c617ba0.svg\",\"contentUrl\":\"https:\/\/www.bridge4mobility.com\/wp-content\/uploads\/letter-avatar\/ad15267741798dfac018169b3c617ba0.svg\",\"caption\":\"Rosa Sanchez\"},\"url\":\"https:\/\/www.bridge4mobility.com\/ca\/author\/r-sanchez\/\"}]}<\/script>\n<!-- \/ Yoast SEO plugin. -->","yoast_head_json":{"title":"Eisenmoorbad Bad Schmiedeberg dona la benvinguda a 6 infermeres de Col\u00f2mbia - Bridge4Mobility","robots":{"index":"index","follow":"follow","max-snippet":"max-snippet:-1","max-image-preview":"max-image-preview:large","max-video-preview":"max-video-preview:-1"},"canonical":"https:\/\/www.bridge4mobility.com\/ca\/eisenmoorbad-bad-schmiedeberg-infermeres-alemanya-colombia\/","og_locale":"ca_ES","og_type":"article","og_title":"Eisenmoorbad Bad Schmiedeberg dona la benvinguda a 6 infermeres de Col\u00f2mbia - Bridge4Mobility","og_description":"L&#8216; empresa Eisenmoorbad de Bad Schmiedeberg, representada pel director general, Sr. Lehmann (4t per la dreta) i el director d&#8216;infermeria, Sr. Conradt (2n per la dreta), va donar la benvinguda a 6 infermeres de Col\u00f2mbia aquesta setmana. La contractaci\u00f3 a Col\u00f2mbia, la preparaci\u00f3 ling\u00fc\u00edstica\u00a0i\u00a0el suport al procediment d&#8217;homologaci\u00f3\u00a0van ser realitzats per Bridge4Mobility, representat aqu\u00ed pel","og_url":"https:\/\/www.bridge4mobility.com\/ca\/eisenmoorbad-bad-schmiedeberg-infermeres-alemanya-colombia\/","og_site_name":"Bridge4Mobility","article_published_time":"2021-11-26T09:47:31+00:00","article_modified_time":"2021-11-26T09:47:52+00:00","og_image":[{"width":1310,"height":634,"url":"https:\/\/www.bridge4mobility.com\/wp-content\/uploads\/Captura-de-pantalla-2021-11-26-101659.png","type":"image\/png"}],"author":"Rosa Sanchez","twitter_misc":{"Escrit per":"Rosa Sanchez","Temps estimat de lectura":"1 minut"},"schema":{"@context":"https:\/\/schema.org","@graph":[{"@type":"WebPage","@id":"https:\/\/www.bridge4mobility.com\/ca\/eisenmoorbad-bad-schmiedeberg-infermeres-alemanya-colombia\/","url":"https:\/\/www.bridge4mobility.com\/ca\/eisenmoorbad-bad-schmiedeberg-infermeres-alemanya-colombia\/","name":"Eisenmoorbad Bad Schmiedeberg dona la benvinguda a 6 infermeres de Col\u00f2mbia - Bridge4Mobility","isPartOf":{"@id":"https:\/\/www.bridge4mobility.com\/de\/#website"},"datePublished":"2021-11-26T09:47:31+00:00","dateModified":"2021-11-26T09:47:52+00:00","author":{"@id":"https:\/\/www.bridge4mobility.com\/de\/#\/schema\/person\/d8a8f2ef67df38ba2912abac766e53db"},"breadcrumb":{"@id":"https:\/\/www.bridge4mobility.com\/ca\/eisenmoorbad-bad-schmiedeberg-infermeres-alemanya-colombia\/#breadcrumb"},"inLanguage":"ca","potentialAction":[{"@type":"ReadAction","target":["https:\/\/www.bridge4mobility.com\/ca\/eisenmoorbad-bad-schmiedeberg-infermeres-alemanya-colombia\/"]}]},{"@type":"BreadcrumbList","@id":"https:\/\/www.bridge4mobility.com\/ca\/eisenmoorbad-bad-schmiedeberg-infermeres-alemanya-colombia\/#breadcrumb","itemListElement":[{"@type":"ListItem","position":1,"name":"Home","item":"https:\/\/www.bridge4mobility.com\/ca\/"},{"@type":"ListItem","position":2,"name":"Eisenmoorbad Bad Schmiedeberg dona la benvinguda a 6 infermeres de Col\u00f2mbia"}]},{"@type":"WebSite","@id":"https:\/\/www.bridge4mobility.com\/de\/#website","url":"https:\/\/www.bridge4mobility.com\/de\/","name":"Bridge4Mobility","description":"Qualifizierte Fachkr\u00e4fte aus Spanien","potentialAction":[{"@type":"SearchAction","target":{"@type":"EntryPoint","urlTemplate":"https:\/\/www.bridge4mobility.com\/de\/?s={search_term_string}"},"query-input":"required name=search_term_string"}],"inLanguage":"ca"},{"@type":"Person","@id":"https:\/\/www.bridge4mobility.com\/de\/#\/schema\/person\/d8a8f2ef67df38ba2912abac766e53db","name":"Rosa Sanchez","image":{"@type":"ImageObject","inLanguage":"ca","@id":"https:\/\/www.bridge4mobility.com\/de\/#\/schema\/person\/image\/","url":"https:\/\/www.bridge4mobility.com\/wp-content\/uploads\/letter-avatar\/ad15267741798dfac018169b3c617ba0.svg","contentUrl":"https:\/\/www.bridge4mobility.com\/wp-content\/uploads\/letter-avatar\/ad15267741798dfac018169b3c617ba0.svg","caption":"Rosa Sanchez"},"url":"https:\/\/www.bridge4mobility.com\/ca\/author\/r-sanchez\/"}]}},"_links":{"self":[{"href":"https:\/\/www.bridge4mobility.com\/ca\/wp-json\/wp\/v2\/posts\/11382"}],"collection":[{"href":"https:\/\/www.bridge4mobility.com\/ca\/wp-json\/wp\/v2\/posts"}],"about":[{"href":"https:\/\/www.bridge4mobility.com\/ca\/wp-json\/wp\/v2\/types\/post"}],"author":[{"embeddable":true,"href":"https:\/\/www.bridge4mobility.com\/ca\/wp-json\/wp\/v2\/users\/1715"}],"replies":[{"embeddable":true,"href":"https:\/\/www.bridge4mobility.com\/ca\/wp-json\/wp\/v2\/comments?post=11382"}],"version-history":[{"count":3,"href":"https:\/\/www.bridge4mobility.com\/ca\/wp-json\/wp\/v2\/posts\/11382\/revisions"}],"predecessor-version":[{"id":11385,"href":"https:\/\/www.bridge4mobility.com\/ca\/wp-json\/wp\/v2\/posts\/11382\/revisions\/11385"}],"wp:featuredmedia":[{"embeddable":true,"href":"https:\/\/www.bridge4mobility.com\/ca\/wp-json\/wp\/v2\/media\/11368"}],"wp:attachment":[{"href":"https:\/\/www.bridge4mobility.com\/ca\/wp-json\/wp\/v2\/media?parent=11382"}],"wp:term":[{"taxonomy":"category","embeddable":true,"href":"https:\/\/www.bridge4mobility.com\/ca\/wp-json\/wp\/v2\/categories?post=11382"},{"taxonomy":"post_tag","embeddable":true,"href":"https:\/\/www.bridge4mobility.com\/ca\/wp-json\/wp\/v2\/tags?post=11382"}],"curies":[{"name":"wp","href":"https:\/\/api.w.org\/{rel}","templated":true}]}}