{"id":10754,"date":"2021-05-10T13:09:48","date_gmt":"2021-05-10T11:09:48","guid":{"rendered":"https:\/\/www.bridge4mobility.com\/fp-dual-en-alemania-kevin-sanz\/"},"modified":"2021-05-10T13:21:52","modified_gmt":"2021-05-10T11:21:52","slug":"fp-dual-alemanya-kevin-sanz","status":"publish","type":"post","link":"https:\/\/www.bridge4mobility.com\/ca\/fp-dual-alemanya-kevin-sanz\/","title":{"rendered":"FP dual a Alemanya &#8211; Kevin Sanz"},"content":{"rendered":"<p><span style=\"font-family: 'trebuchet ms', geneva, sans-serif; font-size: 12pt;\">En aquesta ocasi\u00f3, us portem el testimoni del Kevin Sanz (centre), un alumne del programa de 2016 que des de llavors viu a Alemanya i despr\u00e9s de realitzar la seva FP dual segueix all\u00e0. A la foto que ens ha fet arribar, apareix amb dos companys que va con\u00e8ixer la curs d&#8217;alemany d&#8217;aquella convocat\u00f2ria, amb qui encara conserva el contacte i l&#8217;amistat.<\/span><\/p>\n<p>&nbsp;<\/p>\n<p><span style=\"font-family: 'trebuchet ms', geneva, sans-serif;\"><span style=\"font-size: 12pt;\">&#8220;<\/span>Aquest estiu far\u00e0 ja 5 anys que vaig arribar a Alemanya, m\u00e9s concretament a Leipzig, i l&#8217;\u00fanica cosa de la que em penedeixo \u00e9s de no haver pr\u00e9s aquesta decisi\u00f3 abans.<\/span><\/p>\n<p>&nbsp;<\/p>\n<div dir=\"auto\"><\/div>\n<div dir=\"auto\"><span style=\"font-family: 'trebuchet ms', geneva, sans-serif;\">Des que era ben petit que sempre he volgut treballar en el sector de l&#8217;hosteleria.\u00a0Em vaig formar com a cuiner a Barcelona i tots sabem el que aix\u00f2 significa en quant a precarietat laboral i baixos sous.<\/span><\/div>\n<div dir=\"auto\"><\/div>\n<div dir=\"auto\"><\/div>\n<div dir=\"auto\"><span style=\"font-family: 'trebuchet ms', geneva, sans-serif;\">Gr\u00e0cies al projecte de FP Dual de B4M vaig tenir l&#8217;oportunitat d&#8217;aprendre un nou idioma, descobrir un nou pa\u00eds i per fi sentirme realitzat i respectat de manera professional.<\/span><\/div>\n<div dir=\"auto\"><\/div>\n<div dir=\"auto\"><\/div>\n<div dir=\"auto\"><span style=\"font-family: 'trebuchet ms', geneva, sans-serif;\">Quan em van dir que havia de realitzar un curs intensiu d&#8217;alemany i treure&#8217;m un certificat oficial com a requisit per ser part d&#8217;aquest projecte, em va semblar tot una missi\u00f3 impossible; per\u00f2 gr\u00e0cies als magn\u00edfics professors i material que B4M em va posar a disposici\u00f3, ho vaig aconseguir i realment, la base s\u00f2lida que vaig aprendre durant aquells mesos va ser de gran ajuda un cop arribat a Alemanya.<\/span><\/div>\n<div dir=\"auto\"><\/div>\n<div dir=\"auto\"><\/div>\n<div dir=\"auto\"><span style=\"font-family: 'trebuchet ms', geneva, sans-serif;\">Nom\u00e9s en arribar a l&#8217;aeroport de Leipzig ja m&#8217;esperava la gent que gr\u00e0cies a B4M, s&#8217;acabarien convertint en els meus tutors aqu\u00ed a Alemanya durant la meva etapa formativa i em van ajudar amb la burocr\u00e0cia necessaria per establir-me aqu\u00ed.\u00a0<\/span><\/div>\n<div dir=\"auto\"><span style=\"font-family: 'trebuchet ms', geneva, sans-serif;\">Despr\u00e9s de la primera setmana, vaig firmar el meu contracte d&#8217;azubi (aprenent) i un dia despr\u00e9s ja estava treballant.<\/span><\/div>\n<p>&nbsp;<\/p>\n<p>&nbsp;<\/p>\n<p><span style=\"font-size: 12pt; font-family: 'trebuchet ms', geneva, sans-serif;\"><img loading=\"lazy\" class=\"alignleft size-medium wp-image-10751\" src=\"https:\/\/www.bridge4mobility.com\/wp-content\/uploads\/KEVIN-2-170x300.jpeg\" alt=\"\" width=\"170\" height=\"300\" srcset=\"https:\/\/www.bridge4mobility.com\/wp-content\/uploads\/KEVIN-2-170x300.jpeg 170w, https:\/\/www.bridge4mobility.com\/wp-content\/uploads\/KEVIN-2-768x1352.jpeg 768w, https:\/\/www.bridge4mobility.com\/wp-content\/uploads\/KEVIN-2-582x1024.jpeg 582w, https:\/\/www.bridge4mobility.com\/wp-content\/uploads\/KEVIN-2-500x880.jpeg 500w, https:\/\/www.bridge4mobility.com\/wp-content\/uploads\/KEVIN-2.jpeg 945w\" sizes=\"(max-width: 170px) 100vw, 170px\" \/><\/span><\/p>\n<div dir=\"auto\"><span style=\"font-family: 'trebuchet ms', geneva, sans-serif;\">La FP Dual o &#8220;Ausbildung&#8221; la vaig realitzar a un dels millors restaurants de la ciutat. Tot i ser l&#8217;\u00fanic extranjer, des del primer dia tothom em va acollir com si fos un m\u00e9s. \u00c9s m\u00e9s, si hi havia alguna cosa que no entengu\u00e9s, es prenien la mol\u00e8stia i paci\u00e8ncia d&#8217;explicar-ho les vegades que necess\u00e0ries. (Reconec que vaig donar bastant la turra!)<\/span><\/div>\n<div dir=\"auto\"><\/div>\n<div dir=\"auto\"><\/div>\n<div dir=\"auto\"><\/div>\n<div dir=\"auto\"><span style=\"font-family: 'trebuchet ms', geneva, sans-serif;\">Al centre formatiu on feia les classes te\u00f2riques em vaig trobar amb la mateixa situaci\u00f3 i fins i tot els professors van adaptar les mat\u00e8ries durant el primer any per fer-les m\u00e9s f\u00e0cils i entenibles per a nosaltres.<\/span><\/div>\n<div dir=\"auto\"><\/div>\n<div dir=\"auto\"><\/div>\n<div dir=\"auto\"><\/div>\n<div dir=\"auto\"><span style=\"font-family: 'trebuchet ms', geneva, sans-serif;\">Des que visc aqu\u00ed, mai he tingut cap problema ni en l&#8217;\u00e0mbit professional ni personal pel fet de ser extranger. Arreu on he anat, m&#8217;han acollit amb els bra\u00e7os oberts i mai ha sigut un obstacle a l&#8217;hora de relacionar-me amb gent d&#8217;aqu\u00ed. M\u00e9s b\u00e9n dit, al contrari, ja que pel simple fet de parlar espanyol i ser de fora fa que els alemanys tinguin m\u00e9s inter\u00e9s en con\u00e8ixer-te ja que senten gran admiraci\u00f3 i respecte per la cultura llatina.<\/span><\/div>\n<div dir=\"auto\"><\/div>\n<div dir=\"auto\"><\/div>\n<div dir=\"auto\"><\/div>\n<div dir=\"auto\"><span style=\"font-family: 'trebuchet ms', geneva, sans-serif;\">Per \u00faltim, voldria adre\u00e7ar-me a aquells que, com jo, tenien por a sentir-se sols:<\/span><\/div>\n<div dir=\"auto\"><\/div>\n<div dir=\"auto\"><\/div>\n<div dir=\"auto\"><\/div>\n<div dir=\"auto\"><span style=\"font-family: 'trebuchet ms', geneva, sans-serif;\">Arreu d&#8217;Alemanya, ja sigui poble o ciutat, sempre hi trobar\u00e0s una gran comunitat de gent hispano parlant.\u00a0<\/span><\/div>\n<div dir=\"auto\"><span style=\"font-family: 'trebuchet ms', geneva, sans-serif;\">En el meu cas, tot i tenir amics i parella alemanys, he tingut la possibilitat de con\u00e8ixer a molt\u00edssima gent d&#8217;arreu del m\u00f3n que parlen castell\u00e0 i que tenen les mateixes preocupacions i que ens ajudem m\u00fatuament.<\/span><\/div>\n<div dir=\"auto\"><\/div>\n<div dir=\"auto\"><\/div>\n<div dir=\"auto\"><\/div>\n<div dir=\"auto\"><span style=\"font-family: 'trebuchet ms', geneva, sans-serif;\">Espero que aquest text t&#8217;hagi sigut d&#8217;ajuda i serveixi per fer-te una idea de que aqu\u00ed tindr\u00e0s una gran oportunitat i que no hi ha motius per no aprofitar-la.<\/span><\/div>\n<div dir=\"auto\"><\/div>\n<div dir=\"auto\"><\/div>\n<div dir=\"auto\"><\/div>\n<div dir=\"auto\"><span style=\"font-family: 'trebuchet ms', geneva, sans-serif;\">Al cap i a la fi, Alemanya nom\u00e9s est\u00e0 a 2 hores d&#8217;avi\u00f3. Pr\u00e0cticament el mateix que trigues d&#8217;anar de Barcelona a Reus amb la RENFE \ud83d\ude09 &#8220;<\/span><\/div>\n","protected":false},"excerpt":{"rendered":"<p>En aquesta ocasi\u00f3, us portem el testimoni del Kevin Sanz (centre), un alumne del programa de 2016 que des de llavors viu a Alemanya i despr\u00e9s de realitzar la seva FP dual segueix all\u00e0. A la foto que ens ha fet arribar, apareix amb dos companys que va con\u00e8ixer la curs d&#8217;alemany d&#8217;aquella convocat\u00f2ria, amb<\/p>\n","protected":false},"author":1715,"featured_media":10746,"comment_status":"closed","ping_status":"closed","sticky":false,"template":"","format":"standard","meta":[],"categories":[23],"tags":[67,40,73,42],"yoast_head":"<!-- This site is optimized with the Yoast SEO plugin v19.13 - https:\/\/yoast.com\/wordpress\/plugins\/seo\/ -->\n<title>FP dual a Alemanya - Kevin Sanz - Bridge4Mobility<\/title>\n<meta name=\"robots\" content=\"index, follow, max-snippet:-1, max-image-preview:large, max-video-preview:-1\" \/>\n<link rel=\"canonical\" href=\"https:\/\/www.bridge4mobility.com\/ca\/fp-dual-alemanya-kevin-sanz\/\" \/>\n<meta property=\"og:locale\" content=\"ca_ES\" \/>\n<meta property=\"og:type\" content=\"article\" \/>\n<meta property=\"og:title\" content=\"FP dual a Alemanya - Kevin Sanz - Bridge4Mobility\" \/>\n<meta property=\"og:description\" content=\"En aquesta ocasi\u00f3, us portem el testimoni del Kevin Sanz (centre), un alumne del programa de 2016 que des de llavors viu a Alemanya i despr\u00e9s de realitzar la seva FP dual segueix all\u00e0. A la foto que ens ha fet arribar, apareix amb dos companys que va con\u00e8ixer la curs d&#8217;alemany d&#8217;aquella convocat\u00f2ria, amb\" \/>\n<meta property=\"og:url\" content=\"https:\/\/www.bridge4mobility.com\/ca\/fp-dual-alemanya-kevin-sanz\/\" \/>\n<meta property=\"og:site_name\" content=\"Bridge4Mobility\" \/>\n<meta property=\"article:published_time\" content=\"2021-05-10T11:09:48+00:00\" \/>\n<meta property=\"article:modified_time\" content=\"2021-05-10T11:21:52+00:00\" \/>\n<meta property=\"og:image\" content=\"https:\/\/www.bridge4mobility.com\/wp-content\/uploads\/kevinblog.png\" \/>\n\t<meta property=\"og:image:width\" content=\"1756\" \/>\n\t<meta property=\"og:image:height\" content=\"700\" \/>\n\t<meta property=\"og:image:type\" content=\"image\/png\" \/>\n<meta name=\"author\" content=\"Rosa Sanchez\" \/>\n<meta name=\"twitter:label1\" content=\"Escrit per\" \/>\n\t<meta name=\"twitter:data1\" content=\"Rosa Sanchez\" \/>\n\t<meta name=\"twitter:label2\" content=\"Temps estimat de lectura\" \/>\n\t<meta name=\"twitter:data2\" content=\"3 minuts\" \/>\n<script type=\"application\/ld+json\" class=\"yoast-schema-graph\">{\"@context\":\"https:\/\/schema.org\",\"@graph\":[{\"@type\":\"WebPage\",\"@id\":\"https:\/\/www.bridge4mobility.com\/ca\/fp-dual-alemanya-kevin-sanz\/\",\"url\":\"https:\/\/www.bridge4mobility.com\/ca\/fp-dual-alemanya-kevin-sanz\/\",\"name\":\"FP dual a Alemanya - Kevin Sanz - Bridge4Mobility\",\"isPartOf\":{\"@id\":\"https:\/\/www.bridge4mobility.com\/de\/#website\"},\"datePublished\":\"2021-05-10T11:09:48+00:00\",\"dateModified\":\"2021-05-10T11:21:52+00:00\",\"author\":{\"@id\":\"https:\/\/www.bridge4mobility.com\/de\/#\/schema\/person\/d8a8f2ef67df38ba2912abac766e53db\"},\"breadcrumb\":{\"@id\":\"https:\/\/www.bridge4mobility.com\/ca\/fp-dual-alemanya-kevin-sanz\/#breadcrumb\"},\"inLanguage\":\"ca\",\"potentialAction\":[{\"@type\":\"ReadAction\",\"target\":[\"https:\/\/www.bridge4mobility.com\/ca\/fp-dual-alemanya-kevin-sanz\/\"]}]},{\"@type\":\"BreadcrumbList\",\"@id\":\"https:\/\/www.bridge4mobility.com\/ca\/fp-dual-alemanya-kevin-sanz\/#breadcrumb\",\"itemListElement\":[{\"@type\":\"ListItem\",\"position\":1,\"name\":\"Home\",\"item\":\"https:\/\/www.bridge4mobility.com\/ca\/\"},{\"@type\":\"ListItem\",\"position\":2,\"name\":\"FP dual a Alemanya &#8211; Kevin Sanz\"}]},{\"@type\":\"WebSite\",\"@id\":\"https:\/\/www.bridge4mobility.com\/de\/#website\",\"url\":\"https:\/\/www.bridge4mobility.com\/de\/\",\"name\":\"Bridge4Mobility\",\"description\":\"Qualifizierte Fachkr\u00e4fte aus Spanien\",\"potentialAction\":[{\"@type\":\"SearchAction\",\"target\":{\"@type\":\"EntryPoint\",\"urlTemplate\":\"https:\/\/www.bridge4mobility.com\/de\/?s={search_term_string}\"},\"query-input\":\"required name=search_term_string\"}],\"inLanguage\":\"ca\"},{\"@type\":\"Person\",\"@id\":\"https:\/\/www.bridge4mobility.com\/de\/#\/schema\/person\/d8a8f2ef67df38ba2912abac766e53db\",\"name\":\"Rosa Sanchez\",\"image\":{\"@type\":\"ImageObject\",\"inLanguage\":\"ca\",\"@id\":\"https:\/\/www.bridge4mobility.com\/de\/#\/schema\/person\/image\/\",\"url\":\"https:\/\/www.bridge4mobility.com\/wp-content\/uploads\/letter-avatar\/ad15267741798dfac018169b3c617ba0.svg\",\"contentUrl\":\"https:\/\/www.bridge4mobility.com\/wp-content\/uploads\/letter-avatar\/ad15267741798dfac018169b3c617ba0.svg\",\"caption\":\"Rosa Sanchez\"},\"url\":\"https:\/\/www.bridge4mobility.com\/ca\/author\/r-sanchez\/\"}]}<\/script>\n<!-- \/ Yoast SEO plugin. -->","yoast_head_json":{"title":"FP dual a Alemanya - Kevin Sanz - Bridge4Mobility","robots":{"index":"index","follow":"follow","max-snippet":"max-snippet:-1","max-image-preview":"max-image-preview:large","max-video-preview":"max-video-preview:-1"},"canonical":"https:\/\/www.bridge4mobility.com\/ca\/fp-dual-alemanya-kevin-sanz\/","og_locale":"ca_ES","og_type":"article","og_title":"FP dual a Alemanya - Kevin Sanz - Bridge4Mobility","og_description":"En aquesta ocasi\u00f3, us portem el testimoni del Kevin Sanz (centre), un alumne del programa de 2016 que des de llavors viu a Alemanya i despr\u00e9s de realitzar la seva FP dual segueix all\u00e0. A la foto que ens ha fet arribar, apareix amb dos companys que va con\u00e8ixer la curs d&#8217;alemany d&#8217;aquella convocat\u00f2ria, amb","og_url":"https:\/\/www.bridge4mobility.com\/ca\/fp-dual-alemanya-kevin-sanz\/","og_site_name":"Bridge4Mobility","article_published_time":"2021-05-10T11:09:48+00:00","article_modified_time":"2021-05-10T11:21:52+00:00","og_image":[{"width":1756,"height":700,"url":"https:\/\/www.bridge4mobility.com\/wp-content\/uploads\/kevinblog.png","type":"image\/png"}],"author":"Rosa Sanchez","twitter_misc":{"Escrit per":"Rosa Sanchez","Temps estimat de lectura":"3 minuts"},"schema":{"@context":"https:\/\/schema.org","@graph":[{"@type":"WebPage","@id":"https:\/\/www.bridge4mobility.com\/ca\/fp-dual-alemanya-kevin-sanz\/","url":"https:\/\/www.bridge4mobility.com\/ca\/fp-dual-alemanya-kevin-sanz\/","name":"FP dual a Alemanya - Kevin Sanz - Bridge4Mobility","isPartOf":{"@id":"https:\/\/www.bridge4mobility.com\/de\/#website"},"datePublished":"2021-05-10T11:09:48+00:00","dateModified":"2021-05-10T11:21:52+00:00","author":{"@id":"https:\/\/www.bridge4mobility.com\/de\/#\/schema\/person\/d8a8f2ef67df38ba2912abac766e53db"},"breadcrumb":{"@id":"https:\/\/www.bridge4mobility.com\/ca\/fp-dual-alemanya-kevin-sanz\/#breadcrumb"},"inLanguage":"ca","potentialAction":[{"@type":"ReadAction","target":["https:\/\/www.bridge4mobility.com\/ca\/fp-dual-alemanya-kevin-sanz\/"]}]},{"@type":"BreadcrumbList","@id":"https:\/\/www.bridge4mobility.com\/ca\/fp-dual-alemanya-kevin-sanz\/#breadcrumb","itemListElement":[{"@type":"ListItem","position":1,"name":"Home","item":"https:\/\/www.bridge4mobility.com\/ca\/"},{"@type":"ListItem","position":2,"name":"FP dual a Alemanya &#8211; Kevin Sanz"}]},{"@type":"WebSite","@id":"https:\/\/www.bridge4mobility.com\/de\/#website","url":"https:\/\/www.bridge4mobility.com\/de\/","name":"Bridge4Mobility","description":"Qualifizierte Fachkr\u00e4fte aus Spanien","potentialAction":[{"@type":"SearchAction","target":{"@type":"EntryPoint","urlTemplate":"https:\/\/www.bridge4mobility.com\/de\/?s={search_term_string}"},"query-input":"required name=search_term_string"}],"inLanguage":"ca"},{"@type":"Person","@id":"https:\/\/www.bridge4mobility.com\/de\/#\/schema\/person\/d8a8f2ef67df38ba2912abac766e53db","name":"Rosa Sanchez","image":{"@type":"ImageObject","inLanguage":"ca","@id":"https:\/\/www.bridge4mobility.com\/de\/#\/schema\/person\/image\/","url":"https:\/\/www.bridge4mobility.com\/wp-content\/uploads\/letter-avatar\/ad15267741798dfac018169b3c617ba0.svg","contentUrl":"https:\/\/www.bridge4mobility.com\/wp-content\/uploads\/letter-avatar\/ad15267741798dfac018169b3c617ba0.svg","caption":"Rosa Sanchez"},"url":"https:\/\/www.bridge4mobility.com\/ca\/author\/r-sanchez\/"}]}},"_links":{"self":[{"href":"https:\/\/www.bridge4mobility.com\/ca\/wp-json\/wp\/v2\/posts\/10754"}],"collection":[{"href":"https:\/\/www.bridge4mobility.com\/ca\/wp-json\/wp\/v2\/posts"}],"about":[{"href":"https:\/\/www.bridge4mobility.com\/ca\/wp-json\/wp\/v2\/types\/post"}],"author":[{"embeddable":true,"href":"https:\/\/www.bridge4mobility.com\/ca\/wp-json\/wp\/v2\/users\/1715"}],"replies":[{"embeddable":true,"href":"https:\/\/www.bridge4mobility.com\/ca\/wp-json\/wp\/v2\/comments?post=10754"}],"version-history":[{"count":2,"href":"https:\/\/www.bridge4mobility.com\/ca\/wp-json\/wp\/v2\/posts\/10754\/revisions"}],"predecessor-version":[{"id":10756,"href":"https:\/\/www.bridge4mobility.com\/ca\/wp-json\/wp\/v2\/posts\/10754\/revisions\/10756"}],"wp:featuredmedia":[{"embeddable":true,"href":"https:\/\/www.bridge4mobility.com\/ca\/wp-json\/wp\/v2\/media\/10746"}],"wp:attachment":[{"href":"https:\/\/www.bridge4mobility.com\/ca\/wp-json\/wp\/v2\/media?parent=10754"}],"wp:term":[{"taxonomy":"category","embeddable":true,"href":"https:\/\/www.bridge4mobility.com\/ca\/wp-json\/wp\/v2\/categories?post=10754"},{"taxonomy":"post_tag","embeddable":true,"href":"https:\/\/www.bridge4mobility.com\/ca\/wp-json\/wp\/v2\/tags?post=10754"}],"curies":[{"name":"wp","href":"https:\/\/api.w.org\/{rel}","templated":true}]}}